{"id":1705,"date":"2026-03-04T09:27:44","date_gmt":"2026-03-04T08:27:44","guid":{"rendered":"https:\/\/ivoire-rse.com\/?p=1705"},"modified":"2026-03-04T09:27:46","modified_gmt":"2026-03-04T08:27:46","slug":"cote-divoire-quatre-axes-pour-integrer-quatre-millions-dactifs","status":"publish","type":"post","link":"https:\/\/ivoire-rse.com\/index.php\/2026\/03\/04\/cote-divoire-quatre-axes-pour-integrer-quatre-millions-dactifs\/","title":{"rendered":"C\u00f4te d\u2019ivoire\u00a0: quatre axes pour int\u00e9grer quatre millions d\u2019actifs"},"content":{"rendered":"\n<p>Rares sont les pays dont l\u2019essor \u00e9conomique soutient la comparaison avec celui de la C\u00f4te d\u2019Ivoire, au cours de la derni\u00e8re d\u00e9cennie. Port\u00e9 par sa d\u00e9termination et une vision ambitieuse, le pays affiche un taux de croissance annuel moyen de 9,2&nbsp;% entre 2012 et 2019 (6,4&nbsp;%) et de 6,5&nbsp;% (3,8&nbsp;% par personne) entre 2021 et 2024, malgr\u00e9 des turbulences globales et r\u00e9gionales. Cette dynamique propulse la C\u00f4te d\u2019Ivoire au rang des quatre \u00e9conomies \u00e0 la croissance la plus rapide d\u2019Afrique et lui assure une place parmi les dix premi\u00e8res au niveau mondial. Ainsi le succ\u00e8s des \u00ab&nbsp;\u00c9l\u00e9phants \u00bb ne se limite pas au terrain de football : c\u2019est un reflet de l\u2019ambition et de la r\u00e9silience qui anime leur nation.<\/p>\n\n\n\n<p>Pourtant derri\u00e8re ces progr\u00e8s remarquables se profile un d\u00e9fi crucial. Au cours des cinq derni\u00e8res ann\u00e9es, la croissance de la productivit\u00e9 a d\u00e9c\u00e9l\u00e9r\u00e9. Une grande partie de la croissance s\u2019est appuy\u00e9e davantage sur l\u2019ajout de capital et de main-d\u2019\u0153uvre, plut\u00f4t que sur une plus grande stimulation de l\u2019innovation ou de l\u2019efficacit\u00e9 (voir graphique 1).&nbsp;<\/p>\n\n\n\n<figure class=\"wp-block-image size-full is-resized\"><img decoding=\"async\" src=\"https:\/\/www.afrikadurable.com\/wp-content\/uploads\/2026\/03\/contribution.jpg\" alt=\"\" class=\"wp-image-325\" style=\"aspect-ratio:1.84670269135932;width:504px;height:auto\"\/><\/figure>\n\n\n\n<p>Source : personnel de la Banque mondiale et base de donn\u00e9es de l\u2019\u00e9conomie totale. | Note : Le graphique montre que la contribution du travail (en vert) et du capital (en jaune) \u00e0 la croissance \u00e9conomique totale est rest\u00e9e \u00e9lev\u00e9e, mais que la contribution \u00e0 la croissance de la productivit\u00e9 a diminu\u00e9 et a m\u00eame \u00e9t\u00e9 n\u00e9gative en moyenne entre 2018 et 2023.<\/p>\n\n\n\n<p>Un autre grand d\u00e9fi est de renforcer le lien croissance-r\u00e9duction de la pauvret\u00e9 car le rythme de r\u00e9duction de la pauvret\u00e9 a \u00e9t\u00e9 plus lent que celui de la croissance. Entre 2018 et 2021, l\u2019\u00e9lasticit\u00e9 croissance-pauvret\u00e9 de la C\u00f4te d\u2019Ivoire&nbsp;\u2014 une mesure de&nbsp;l\u2019efficacit\u00e9 avec laquelle la croissance r\u00e9duit la pauvret\u00e9&nbsp;\u2014 n\u2019\u00e9tait que de 0,6, bien en dessous des moyennes africaine et mondiale. Ce qui signifie que les gains \u00e9conomiques ne se traduisent pas assez rapidement en am\u00e9lioration de la vie de ceux qui en ont le plus besoin.<\/p>\n\n\n\n<p>Alors,&nbsp;comment la C\u00f4te d\u2019Ivoire peut-elle capitaliser sur cet \u00e9lan et atteindre ses objectifs ambitieux pour ins\u00e9rer les 4&nbsp;millions de personnes qui rejoindront son march\u00e9 du travail d\u2019ici 2030, r\u00e9duire la pauvret\u00e9 de moiti\u00e9 et rejoindre les rangs des pays \u00e0 revenu interm\u00e9diaire sup\u00e9rieur d\u2019ici 2035&nbsp;? La r\u00e9ponse r\u00e9side dans l\u2019adoption de nouvelles id\u00e9es pour lib\u00e9rer la productivit\u00e9 et dynamiser le secteur priv\u00e9 gr\u00e2ce \u00e0 un investissement direct \u00e9tranger (IDE) robuste (voir graphique 2).<\/p>\n\n\n\n<figure class=\"wp-block-image size-full is-resized\"><img decoding=\"async\" src=\"https:\/\/www.afrikadurable.com\/wp-content\/uploads\/2026\/03\/revenu_par_habitant.jpg\" alt=\"\" class=\"wp-image-326\" style=\"width:505px;height:auto\"\/><\/figure>\n\n\n\n<p>Source : estimations de la Banque mondiale bas\u00e9es sur le mod\u00e8le MFMOD | Note : \u00ab C\u00f4te d\u2019Ivoire 1.0 \u00bb d\u00e9signe le sc\u00e9nario de croissance selon la trajectoire actuelle. Il implique des r\u00e9formes soutenues, des investissements continus aux niveaux actuels et une att\u00e9nuation des chocs. | \u00ab C\u00f4te d\u2019Ivoire 2.0 \u00bb pr\u00e9sente le sc\u00e9nario de croissance avec des r\u00e9formes plus ambitieuses \u2013 dans les domaines, par exemple, du capital humain et de l\u2019environnement des affaires \u2013 conduisant \u00e0 une productivit\u00e9 accrue port\u00e9e par des investissements directs \u00e9trangers.&nbsp;<\/p>\n\n\n\n<p>Mais concr\u00e8tement, que peut faire le pays pour y parvenir ?&nbsp;<\/p>\n\n\n\n<p>Cette question urgente a r\u00e9uni des dirigeants du gouvernement ivoirien, d\u2019anciens ministres chevronn\u00e9s venant de pays aux trajectoires \u00e9conomiques exemplaires \u2014 Maroc, Vietnam, Cor\u00e9e du Sud, \u00c9thiopie et Inde \u2014 ainsi que des experts internationaux et de la Banque mondiale. L\u2019objectif \u00e9tait de partager des exemples inspirants, susceptibles de d\u00e9clencher la prochaine vague de croissance ax\u00e9e sur la productivit\u00e9 et d\u2019orienter le nouveau Plan national de d\u00e9veloppement (PND) de la C\u00f4te d\u2019Ivoire pour 2026-2030.<\/p>\n\n\n\n<p>Quatre priorit\u00e9s d\u00e9cisives ont \u00e9t\u00e9 mises en avant :<\/p>\n\n\n\n<ol class=\"wp-block-list\">\n<li><strong>D\u00e9velopper la productivit\u00e9 agricole<\/strong>&nbsp;: Si l\u2019agriculture porte l\u2019\u00e9conomie ivoirienne, l\u2019enjeu d\u00e9terminant consistera \u00e0 accro\u00eetre les rendements, plut\u00f4t que de se contenter d\u2019\u00e9tendre les superficies cultiv\u00e9es. Il est temps de moderniser le secteur avec des politiques intelligentes et coordonn\u00e9es \u2014 notamment par le biais d\u2019am\u00e9liorations technologiques gr\u00e2ce aux services AgriTech, de meilleures infrastructures et de formations aux comp\u00e9tences. Inspir\u00e9e par l\u2019\u00c9thiopie, le Vietnam et la Tha\u00eflande, la C\u00f4te d\u2019Ivoire peut prendre une longueur d\u2019avance en favorisant la num\u00e9risation, en attirant des investissements priv\u00e9s et en d\u00e9veloppant des clusters agro-industriels par le biais d\u2019investissements directs \u00e9trangers (IDE) cibl\u00e9s et strat\u00e9giques. Priorit\u00e9s cl\u00e9s : apporter des outils num\u00e9riques et financiers aux communaut\u00e9s rurales, et s\u2019assurer que les petits exploitants tirent pleinement parti des cha\u00eenes de valeur. Gr\u00e2ce \u00e0 ces mesures audacieuses, la C\u00f4te d\u2019Ivoire peut stimuler la cr\u00e9ation d\u2019emplois ruraux et d\u00e9clencher une v\u00e9ritable transformation \u00e9conomique.<\/li>\n\n\n\n<li><strong>Dynamiser les investissements directs \u00e9trangers et le commerce<\/strong>&nbsp;: la C\u00f4te d\u2019Ivoire voit les choses en grand. Le pays entend doubler l\u2019IDE et faire du secteur priv\u00e9 un moteur de croissance plus fort. Inspir\u00e9 par les succ\u00e8s du Maroc, du Vietnam et de l\u2019Irlande, le pays vise d\u00e9sormais \u00e0 renouveler son environnement commercial, en d\u00e9ployant des r\u00e9formes num\u00e9riques et en \u00e9tablissant une agence de promotion des investissements \u00e0 guichet unique, pour mieux attirer les investisseurs internationaux. L\u2019accent est mis sur la cr\u00e9ation de clusters de comp\u00e9titivit\u00e9 dynamiques, l\u2019autonomisation des champions nationaux et sur des mesures visant l\u2019acc\u00e8s au financement, la ma\u00eetrise des r\u00e9glementations et l\u2019innovation au b\u00e9n\u00e9fice des entreprises. Ces mesures ambitieuses stimuleront le commerce, lib\u00e9reront les PME et cr\u00e9eront des emplois, ouvrant ainsi la voie \u00e0 la prosp\u00e9rit\u00e9 et \u00e0 une vie meilleure pour tous.<\/li>\n\n\n\n<li><strong>D\u00e9velopper le capital humain<\/strong>&nbsp;: Le capital humain est au c\u0153ur des ambitions transformatrices de la C\u00f4te d\u2019Ivoire, et les donn\u00e9es mettent en \u00e9vidence l\u2019urgence d\u2019investir : un enfant n\u00e9 aujourd\u2019hui ne r\u00e9alisera que 38&nbsp;% de son potentiel productif en raison des lacunes en sant\u00e9, \u00e9ducation et nutrition. Les enjeux sont de taille, notamment pour les femmes et les jeunes, dont la participation limit\u00e9e \u00e0 la population active souligne la n\u00e9cessit\u00e9 d\u2019une action transversale dans le PND 2026-2030. S\u2019inspirant de la lutte efficace du Ghana contre la malnutrition infantile et des r\u00e9formes audacieuses des programmes scolaires du Vietnam, o\u00f9 16 \u00e0 18 % du budget est consacr\u00e9 \u00e0 l\u2019\u00e9ducation, avec en retour des scores PISA \u00e9lev\u00e9s, la feuille de route pour la C\u00f4te d\u2019Ivoire est claire et prometteuse. En d\u00e9veloppant la maternelle dans les zones rurales, en d\u00e9ployant la nutrition multisectorielle, en am\u00e9liorant les infrastructures de sant\u00e9 et en modernisant l\u2019enseignement technique, le pays peut lib\u00e9rer tout son potentiel de capital humain.<\/li>\n\n\n\n<li><strong>Obtenir des r\u00e9sultats<\/strong>&nbsp;: Une forte coordination entre les agences gouvernementales, appuy\u00e9e par une r\u00e9forme institutionnelle et un pilotage par les r\u00e9sultats \u00e0 chaque \u00e9tape de la mise en \u0153uvre, permet d\u2019\u00e9viter les retards. L\u2019exp\u00e9rience sud-cor\u00e9enne et le&nbsp;<em>Development Board<\/em>&nbsp;du Rwanda d\u00e9montrent comment des institutions strat\u00e9giques de haut niveau, soutenues par le pr\u00e9sident, peuvent assurer une coordination efficace. Il devient alors possible de d\u00e9passer les silos administratifs, de r\u00e9sorber les points de blocage et d\u2019\u00e9tendre les solutions \u00e0 grande \u00e9chelle gr\u00e2ce \u00e0 des mandats clairs et une responsabilit\u00e9 en mati\u00e8re de performance. Des indicateurs de r\u00e9sultats prioris\u00e9s observ\u00e9s \u00e0 l\u2019aide d\u2019outils num\u00e9riques permettent une gestion dynamique et une correction de trajectoire rapide.<\/li>\n<\/ol>\n\n\n\n<p>La le\u00e7on est claire : avec son nouveau plan national ambitieux et sa volont\u00e9 d\u2019innover, la C\u00f4te d\u2019Ivoire peut ouvrir une nouvelle \u00e8re de croissance qui profite v\u00e9ritablement \u00e0 tous.&nbsp;C\u2019est le moment de transformer les ambitions en r\u00e9alit\u00e9 et de faire en sorte que l\u2019h\u00e9ritage des \u00ab \u00c9l\u00e9phants \u00bb soit celui d\u2019une prosp\u00e9rit\u00e9 partag\u00e9e et d\u2019une transformation durable<a href=\"https:\/\/twitter.com\/\">.<\/a> (<em>Source Banque Mondiale<\/em>).<\/p>\n\n\n\n<p><\/p>\n","protected":false},"excerpt":{"rendered":"<p>Rares sont les pays dont l\u2019essor \u00e9conomique soutient la comparaison avec celui de la C\u00f4te d\u2019Ivoire, au cours de la derni\u00e8re d\u00e9cennie. Port\u00e9 par sa d\u00e9termination et une vision ambitieuse, le pays affiche un taux de croissance annuel moyen de 9,2&nbsp;% entre 2012 et 2019 (6,4&nbsp;%) et de 6,5&nbsp;% (3,8&nbsp;% par personne) entre 2021 et [&hellip;]<\/p>\n","protected":false},"author":1,"featured_media":1706,"comment_status":"open","ping_status":"open","sticky":false,"template":"","format":"standard","meta":{"_monsterinsights_skip_tracking":false,"_monsterinsights_sitenote_active":false,"_monsterinsights_sitenote_note":"","_monsterinsights_sitenote_category":0,"_uf_show_specific_survey":0,"_uf_disable_surveys":false,"footnotes":""},"categories":[4],"tags":[],"class_list":["post-1705","post","type-post","status-publish","format-standard","has-post-thumbnail","hentry","category-actualite"],"aioseo_notices":[],"_links":{"self":[{"href":"https:\/\/ivoire-rse.com\/index.php\/wp-json\/wp\/v2\/posts\/1705","targetHints":{"allow":["GET"]}}],"collection":[{"href":"https:\/\/ivoire-rse.com\/index.php\/wp-json\/wp\/v2\/posts"}],"about":[{"href":"https:\/\/ivoire-rse.com\/index.php\/wp-json\/wp\/v2\/types\/post"}],"author":[{"embeddable":true,"href":"https:\/\/ivoire-rse.com\/index.php\/wp-json\/wp\/v2\/users\/1"}],"replies":[{"embeddable":true,"href":"https:\/\/ivoire-rse.com\/index.php\/wp-json\/wp\/v2\/comments?post=1705"}],"version-history":[{"count":1,"href":"https:\/\/ivoire-rse.com\/index.php\/wp-json\/wp\/v2\/posts\/1705\/revisions"}],"predecessor-version":[{"id":1707,"href":"https:\/\/ivoire-rse.com\/index.php\/wp-json\/wp\/v2\/posts\/1705\/revisions\/1707"}],"wp:featuredmedia":[{"embeddable":true,"href":"https:\/\/ivoire-rse.com\/index.php\/wp-json\/wp\/v2\/media\/1706"}],"wp:attachment":[{"href":"https:\/\/ivoire-rse.com\/index.php\/wp-json\/wp\/v2\/media?parent=1705"}],"wp:term":[{"taxonomy":"category","embeddable":true,"href":"https:\/\/ivoire-rse.com\/index.php\/wp-json\/wp\/v2\/categories?post=1705"},{"taxonomy":"post_tag","embeddable":true,"href":"https:\/\/ivoire-rse.com\/index.php\/wp-json\/wp\/v2\/tags?post=1705"}],"curies":[{"name":"wp","href":"https:\/\/api.w.org\/{rel}","templated":true}]}}