{"id":1709,"date":"2026-03-06T09:42:45","date_gmt":"2026-03-06T08:42:45","guid":{"rendered":"https:\/\/ivoire-rse.com\/?p=1709"},"modified":"2026-03-06T09:42:45","modified_gmt":"2026-03-06T08:42:45","slug":"la-bad-investit-65-millions-deuros-dans-le-fonds-saviu-ii","status":"publish","type":"post","link":"https:\/\/ivoire-rse.com\/index.php\/2026\/03\/06\/la-bad-investit-65-millions-deuros-dans-le-fonds-saviu-ii\/","title":{"rendered":"La BAD investit 6,5 millions d\u2019euros dans le fonds Saviu II"},"content":{"rendered":"\n<p>Le Conseil d\u2019administration du Groupe de la Banque africaine de d\u00e9veloppement, a approuv\u00e9, le 27 f\u00e9vrier 2026 \u00e0 Abidjan, une prise de participation de 6,5 millions d\u2019euros au capital du fonds Saviu II afin de soutenir des start-up technologiques en phase d\u2019amor\u00e7age et de premi\u00e8re lev\u00e9e de fonds institutionnelle, majoritairement en Afrique de l\u2019Ouest et du Centre francophone.<\/p>\n\n\n\n<p>Le Groupe de la Banque investira 4,5 millions d\u2019euros en capitaux propres ainsi que deux millions d\u2019euros sous la forme d\u2019une tranche de couverture de premi\u00e8re perte pour le compte de la Commission europ\u00e9enne dans le cadre du Programme Boost Africa. Cette participation de l\u2019institution panafricaine permettra au fonds Saviu II d\u2019accorder la priorit\u00e9 aux entreprises \u00e0 forte composante technologique ou num\u00e9rique.<\/p>\n\n\n\n<p>Le fonds de capital-risque Saviu II a pour objectif de r\u00e9aliser au moins 60 % de ses engagements dans les pays francophones d\u2019Afrique de l\u2019Ouest et du Centre : la C\u00f4te d\u2019Ivoire, le Cameroun, le B\u00e9nin, le S\u00e9n\u00e9gal, le Togo, le Burkina Faso et le Mali. Il peut \u00e9galement co-investir en Afrique de l\u2019Est dans des entreprises technologiques prometteuses disposant d\u2019une \u00e9quipe et d\u2019un mod\u00e8le commercial solides, ayant pour strat\u00e9gie de p\u00e9n\u00e9trer le march\u00e9 des pays francophones d\u2019Afrique de l\u2019Ouest et d\u2019\u00e9tablir une forte pr\u00e9sence dans la r\u00e9gion.<\/p>\n\n\n\n<p>Saviu II, le second v\u00e9hicule d\u2019investissement du Saviu Partners, pr\u00e9voit notamment d\u2019investir entre 500 000 euros et trois millions d\u2019euros dans une vingtaine de start-up \u00ab B2B \u00bb technologiques ou \u00e0 vocation technologique, en phase d\u2019amor\u00e7age ou de premi\u00e8re lev\u00e9e de fonds institutionnelle.<\/p>\n\n\n\n<p>De plus, le fonds consacrera une enveloppe d\u00e9di\u00e9e aux investissements de pr\u00e9amor\u00e7age, en apportant des tickets par entreprise pour des prises de participation minoritaires, g\u00e9n\u00e9ralement en co-investissement avec des studios, incubateurs ou autres partenaires de l\u2019\u00e9cosyst\u00e8me.<br>(Source\u00a0: BAD)<\/p>\n","protected":false},"excerpt":{"rendered":"<p>Le Conseil d\u2019administration du Groupe de la Banque africaine de d\u00e9veloppement, a approuv\u00e9, le 27 f\u00e9vrier 2026 \u00e0 Abidjan, une prise de participation de 6,5 millions d\u2019euros au capital du fonds Saviu II afin de soutenir des start-up technologiques en phase d\u2019amor\u00e7age et de premi\u00e8re lev\u00e9e de fonds institutionnelle, majoritairement en Afrique de l\u2019Ouest et [&hellip;]<\/p>\n","protected":false},"author":1,"featured_media":1710,"comment_status":"open","ping_status":"open","sticky":false,"template":"","format":"standard","meta":{"_monsterinsights_skip_tracking":false,"_monsterinsights_sitenote_active":false,"_monsterinsights_sitenote_note":"","_monsterinsights_sitenote_category":0,"_uf_show_specific_survey":0,"_uf_disable_surveys":false,"footnotes":""},"categories":[4],"tags":[],"class_list":["post-1709","post","type-post","status-publish","format-standard","has-post-thumbnail","hentry","category-actualite"],"aioseo_notices":[],"_links":{"self":[{"href":"https:\/\/ivoire-rse.com\/index.php\/wp-json\/wp\/v2\/posts\/1709","targetHints":{"allow":["GET"]}}],"collection":[{"href":"https:\/\/ivoire-rse.com\/index.php\/wp-json\/wp\/v2\/posts"}],"about":[{"href":"https:\/\/ivoire-rse.com\/index.php\/wp-json\/wp\/v2\/types\/post"}],"author":[{"embeddable":true,"href":"https:\/\/ivoire-rse.com\/index.php\/wp-json\/wp\/v2\/users\/1"}],"replies":[{"embeddable":true,"href":"https:\/\/ivoire-rse.com\/index.php\/wp-json\/wp\/v2\/comments?post=1709"}],"version-history":[{"count":1,"href":"https:\/\/ivoire-rse.com\/index.php\/wp-json\/wp\/v2\/posts\/1709\/revisions"}],"predecessor-version":[{"id":1711,"href":"https:\/\/ivoire-rse.com\/index.php\/wp-json\/wp\/v2\/posts\/1709\/revisions\/1711"}],"wp:featuredmedia":[{"embeddable":true,"href":"https:\/\/ivoire-rse.com\/index.php\/wp-json\/wp\/v2\/media\/1710"}],"wp:attachment":[{"href":"https:\/\/ivoire-rse.com\/index.php\/wp-json\/wp\/v2\/media?parent=1709"}],"wp:term":[{"taxonomy":"category","embeddable":true,"href":"https:\/\/ivoire-rse.com\/index.php\/wp-json\/wp\/v2\/categories?post=1709"},{"taxonomy":"post_tag","embeddable":true,"href":"https:\/\/ivoire-rse.com\/index.php\/wp-json\/wp\/v2\/tags?post=1709"}],"curies":[{"name":"wp","href":"https:\/\/api.w.org\/{rel}","templated":true}]}}