{"id":1724,"date":"2026-03-13T09:33:06","date_gmt":"2026-03-13T08:33:06","guid":{"rendered":"https:\/\/ivoire-rse.com\/?p=1724"},"modified":"2026-03-13T09:33:07","modified_gmt":"2026-03-13T08:33:07","slug":"cinq-lecons-du-dialogue-justice-for-her-sur-les-droits-des-femmes-et-lautonomisation-economique-en-afrique","status":"publish","type":"post","link":"https:\/\/ivoire-rse.com\/index.php\/2026\/03\/13\/cinq-lecons-du-dialogue-justice-for-her-sur-les-droits-des-femmes-et-lautonomisation-economique-en-afrique\/","title":{"rendered":"Cinq le\u00e7ons du dialogue \u00ab Justice for Her \u00bb sur les droits des femmes et l\u2019autonomisation \u00e9conomique en Afrique"},"content":{"rendered":"\n<p>Pour marquer la Journ\u00e9e internationale des femmes 2026, le Groupe de la Banque africaine de d\u00e9veloppement a organis\u00e9 un dialogue de haut niveau intitul\u00e9 \u00ab Justice pour elle : droits, justice et autonomisation \u00e9conomique des femmes en Afrique. \u00bb<\/p>\n\n\n\n<p>La session, tenue au si\u00e8ge de la Banque, a lanc\u00e9 sa s\u00e9rie d\u2019un mois \u00ab Le genre au regard \u00bb portant sur l\u2019impact des projets de la Banque sur les femmes, filles et communaut\u00e9s africaines&nbsp;; Et explor\u00e9 comment l\u2019acc\u00e8s \u00e0 la justice, la protection juridique et les garanties institutionnelles fa\u00e7onnent la capacit\u00e9 des femmes \u00e0 participer pleinement \u00e0 la vie \u00e9conomique \u00e0 travers l\u2019Afrique.<\/p>\n\n\n\n<p>L\u2019intervenante principale, Nass\u00e9n\u00e9ba Tour\u00e9, ministre des Femmes, de la Famille et des Enfants de C\u00f4te d\u2019Ivoire, a d\u00e9clar\u00e9 que faire progresser les droits des femmes est la priorit\u00e9 sociale de l\u2019Afrique et une question \u00e9conomique fondamentale. \u00ab Le d\u00e9veloppement de l\u2019Afrique ne peut pas s\u2019acc\u00e9l\u00e9rer de mani\u00e8re durable si la moiti\u00e9 de son potentiel reste sous- exploit\u00e9e. Et ce potentiel, ce sont les femmes africaines \u00bb, a-t-elle ajout\u00e9.<\/p>\n\n\n\n<p>L\u2019\u00e9v\u00e9nement a d\u00e9taill\u00e9 comment les syst\u00e8mes juridiques, les garanties institutionnelles et les structures de leadership communautaire fa\u00e7onnent la capacit\u00e9 des femmes \u00e0 participer pleinement \u00e0 la vie \u00e9conomique.<\/p>\n\n\n\n<p><strong>Les cinq points cl\u00e9s :<\/strong><\/p>\n\n\n\n<ol class=\"wp-block-list\">\n<li><strong>L\u2019autonomisation \u00e9conomique des femmes commence par l\u2019acc\u00e8s aux droits et<br>\u00e0 la justice<\/strong><\/li>\n<\/ol>\n\n\n\n<p>Les intervenants ont d\u00e9clar\u00e9 que l\u2019autonomisation \u00e9conomique des femmes est \u00e9troitement li\u00e9e \u00e0 l\u2019acc\u00e8s aux droits, \u00e0 la protection juridique et au fonctionnement des syst\u00e8mes judiciaires. \u00c0 travers l\u2019Afrique, les femmes continuent de faire face \u00e0 des obstacles structurels pour acc\u00e9der \u00e0 la terre, aux services financiers et \u00e0 la protection juridique.<\/p>\n\n\n\n<p>\u00ab La promotion des droits des femmes n\u2019est pas une question sectorielle, elle est fondamentale pour le d\u00e9veloppement national, la comp\u00e9titivit\u00e9 \u00e9conomique et la stabilit\u00e9 \u00e0 long terme de l\u2019Afrique \u00bb, a d\u00e9clar\u00e9 Akin-Olubade. \u00ab Lorsque les femmes ne peuvent pas acc\u00e9der \u00e0 la terre, aux finances ou \u00e0 la protection l\u00e9gale, les \u00e9conomies dans leur ensemble en paient le prix par une perte de productivit\u00e9 et une croissance plus lente \u00bb, a-t-elle ajout\u00e9.<\/p>\n\n\n\n<ol start=\"2\" class=\"wp-block-list\">\n<li><strong>Les r\u00e9formes juridiques peuvent \u00e9largir les opportunit\u00e9s \u00e9conomiques des<br>femmes<\/strong><\/li>\n<\/ol>\n\n\n\n<p>Les r\u00e9formes juridiques et politiques sont des outils essentiels pour \u00e9largir la participation \u00e9conomique des femmes. La C\u00f4te d\u2019Ivoire, par exemple, a entrepris d\u2019importantes r\u00e9formes pour renforcer les droits des femmes, notamment des mesures visant \u00e0 lutter contre les violences de genre, des r\u00e9formes du droit de la famille et des successions, ainsi que des lois favorisant la repr\u00e9sentation politique des femmes.<\/p>\n\n\n\n<p>La directrice Njuki a d\u00e9clar\u00e9 que les obstacles structurels continuent de limiter les opportunit\u00e9s \u00e9conomiques des femmes \u00e0 travers le continent.<br>\u00ab \u00c0 travers l\u2019Afrique, les entreprises d\u00e9tenues et dirig\u00e9es par des femmes font face \u00e0 un d\u00e9ficit de financement estim\u00e9 \u00e0 1,4 billion de dollars, caus\u00e9 non seulement par les contraintes du march\u00e9 mais aussi par les in\u00e9galit\u00e9s de propri\u00e9t\u00e9 d\u2019actifs et d\u2019acc\u00e8s aux garanties \u00bb, a ajout\u00e9 Njuki.<\/p>\n\n\n\n<ol start=\"3\" class=\"wp-block-list\">\n<li><strong>Les femmes entrepreneures font encore face \u00e0 d\u2019importants obstacles<br>structurels<\/strong><\/li>\n<\/ol>\n\n\n\n<p>Les pan\u00e9listes, dont des repr\u00e9sentants de la soci\u00e9t\u00e9 civile et des coop\u00e9ratives de femmes, ont partag\u00e9 des exp\u00e9riences directes des obstacles auxquels sont confront\u00e9es les femmes entrepreneures.<\/p>\n\n\n\n<p>L\u2019acc\u00e8s \u00e0 la terre, au cr\u00e9dit et aux syst\u00e8mes financiers formels reste particuli\u00e8rement difficile pour les femmes entrepreneures.<\/p>\n\n\n\n<p>Anasthasie Kouadio, pr\u00e9sidente de l\u2019Union Vivri\u00e8re Etraikpa de Toumodi, une coop\u00e9rative agricole dirig\u00e9e par des femmes, a d\u00e9clar\u00e9 que de nombreuses femmes agricultrices et femmes entrepreneures rurales peinent souvent \u00e0 obtenir des pr\u00eats et d\u2019autres financements aupr\u00e8s des banques commerciales.<\/p>\n\n\n\n<p>L\u2019Action de financement affirmatif pour les femmes en Afrique (AFAWA) de la Banque africaine de d\u00e9veloppement, aide la coop\u00e9rative de Kouadio et des dizaines de milliers d\u2019autres femmes \u00e0 acc\u00e9der au financement et au soutien entrepreneurial.<\/p>\n\n\n\n<p>       <strong>4. Combler le foss\u00e9 entre le droit et la pratique reste un d\u00e9fi majeur<\/strong><\/p>\n\n\n\n<p>Bien que de nombreux pays africains aient adopt\u00e9 des cadres juridiques promouvant l\u2019\u00e9galit\u00e9 des sexes, les lacunes de mise en \u0153uvre restent importantes.<\/p>\n\n\n\n<p>La juge Fatou Diakit\u00e9, pr\u00e9sidente de l\u2019Association des magistrats de C\u00f4te d\u2019Ivoire, a d\u00e9clar\u00e9 que les droits l\u00e9gaux ne refl\u00e8tent pas toujours ce qui se passe en pratique. Elle a cit\u00e9 la C\u00f4te d\u2019Ivoire comme exemple, disant aux intervenants que les femmes ne d\u00e9tiennent qu\u2019environ 12 % des certificats fonciers enregistr\u00e9s \u2014 montrant que l\u2019acc\u00e8s aux terres en vertu de la loi ne signifie pas toujours que les femmes en sont r\u00e9ellement propri\u00e9taires. Elle a d\u00e9clar\u00e9 qu\u2019il est n\u00e9cessaire d\u2019am\u00e9liorer l\u2019acc\u00e8s des femmes \u00e0 la justice, et que cet objectif exige une plus grande sensibilisation aux droits et un acc\u00e8s plus facile aux institutions juridiques destin\u00e9es \u00e0 servir la population, en particulier les femmes des zones rurales.<\/p>\n\n\n\n<p>Le leader traditionnel Danho Akradji a \u00e9galement \u00e9voqu\u00e9 le r\u00f4le important que les leaders communautaires peuvent jouer dans le soutien aux droits des femmes et \u00e0 l\u2019inclusion \u00e9conomique.<\/p>\n\n\n\n<ol start=\"5\" class=\"wp-block-list\">\n<li><strong>Les institutions de d\u00e9veloppement peuvent contribuer \u00e0 r\u00e9duire l\u2019\u00e9cart entre<br>les engagements politiques et les opportunit\u00e9s r\u00e9elles pour les femmes<\/strong><\/li>\n<\/ol>\n\n\n\n<p>Au cours de la discussion, Dilys Asuagbor, directrice du Bureau d\u2019\u00e9thique de la Banque, a d\u00e9clar\u00e9 que la Banque africaine de d\u00e9veloppement b\u00e9n\u00e9ficie d\u2019un syst\u00e8me de justice interne relativement solide qui combine des voies informelles de r\u00e9solution des probl\u00e8mes avec des proc\u00e9dures formelles d\u2019enqu\u00eate et de discipline.<br>(Source&nbsp;: BAD)<\/p>\n","protected":false},"excerpt":{"rendered":"<p>Pour marquer la Journ\u00e9e internationale des femmes 2026, le Groupe de la Banque africaine de d\u00e9veloppement a organis\u00e9 un dialogue de haut niveau intitul\u00e9 \u00ab Justice pour elle : droits, justice et autonomisation \u00e9conomique des femmes en Afrique. \u00bb La session, tenue au si\u00e8ge de la Banque, a lanc\u00e9 sa s\u00e9rie d\u2019un mois \u00ab Le [&hellip;]<\/p>\n","protected":false},"author":1,"featured_media":1725,"comment_status":"open","ping_status":"open","sticky":false,"template":"","format":"standard","meta":{"_monsterinsights_skip_tracking":false,"_monsterinsights_sitenote_active":false,"_monsterinsights_sitenote_note":"","_monsterinsights_sitenote_category":0,"_uf_show_specific_survey":0,"_uf_disable_surveys":false,"footnotes":""},"categories":[4],"tags":[],"class_list":["post-1724","post","type-post","status-publish","format-standard","has-post-thumbnail","hentry","category-actualite"],"aioseo_notices":[],"_links":{"self":[{"href":"https:\/\/ivoire-rse.com\/index.php\/wp-json\/wp\/v2\/posts\/1724","targetHints":{"allow":["GET"]}}],"collection":[{"href":"https:\/\/ivoire-rse.com\/index.php\/wp-json\/wp\/v2\/posts"}],"about":[{"href":"https:\/\/ivoire-rse.com\/index.php\/wp-json\/wp\/v2\/types\/post"}],"author":[{"embeddable":true,"href":"https:\/\/ivoire-rse.com\/index.php\/wp-json\/wp\/v2\/users\/1"}],"replies":[{"embeddable":true,"href":"https:\/\/ivoire-rse.com\/index.php\/wp-json\/wp\/v2\/comments?post=1724"}],"version-history":[{"count":1,"href":"https:\/\/ivoire-rse.com\/index.php\/wp-json\/wp\/v2\/posts\/1724\/revisions"}],"predecessor-version":[{"id":1726,"href":"https:\/\/ivoire-rse.com\/index.php\/wp-json\/wp\/v2\/posts\/1724\/revisions\/1726"}],"wp:featuredmedia":[{"embeddable":true,"href":"https:\/\/ivoire-rse.com\/index.php\/wp-json\/wp\/v2\/media\/1725"}],"wp:attachment":[{"href":"https:\/\/ivoire-rse.com\/index.php\/wp-json\/wp\/v2\/media?parent=1724"}],"wp:term":[{"taxonomy":"category","embeddable":true,"href":"https:\/\/ivoire-rse.com\/index.php\/wp-json\/wp\/v2\/categories?post=1724"},{"taxonomy":"post_tag","embeddable":true,"href":"https:\/\/ivoire-rse.com\/index.php\/wp-json\/wp\/v2\/tags?post=1724"}],"curies":[{"name":"wp","href":"https:\/\/api.w.org\/{rel}","templated":true}]}}