{"id":214,"date":"2023-09-04T07:30:00","date_gmt":"2023-09-04T05:30:00","guid":{"rendered":"https:\/\/ivoire-rse.com\/?p=214"},"modified":"2023-09-03T20:55:30","modified_gmt":"2023-09-03T18:55:30","slug":"abidjan-et-le-forum-africain-de-leconomie-circulaire","status":"publish","type":"post","link":"https:\/\/ivoire-rse.com\/index.php\/2023\/09\/04\/abidjan-et-le-forum-africain-de-leconomie-circulaire\/","title":{"rendered":"Abidjan et le Forum africain de l\u2019\u00e9conomie circulaire"},"content":{"rendered":"\n<p>Du 18 au 21 octobre, Abidjan accueillera le Forum africain de l\u2019\u00e9conomie circulaire (\u00ab \u00c9co Cir Abidjan 2023 \u00bb), avec pour th\u00e8me&nbsp;: \u00ab&nbsp;L\u2019\u00e9conomie circulaire pour un d\u00e9veloppement durable des territoires en Afrique \u00bb. Ce Forum a pour objectif de \u00ab&nbsp;transformer Abidjan en un centre de transition vers l\u2019\u00e9conomie circulaire, permettant aux acteurs africains de ce secteur d\u2019\u00e9changer des id\u00e9es, d\u2019adopter les meilleures pratiques et de dynamiser la mise en \u0153uvre des strat\u00e9gies de l\u2019\u00e9conomie circulaire&nbsp;\u00bb a d\u00e9clar\u00e9 Guy Modeste Dogbo, Commissaire g\u00e9n\u00e9ral du Forum.<\/p>\n\n\n\n<p>Le Forum africain de l\u2019\u00e9conomie circulaire verra la participation des acteurs publics, priv\u00e9s, des experts et la soci\u00e9t\u00e9 civile pour territorialiser l\u2019\u00e9conomie circulaire. Il offrira l\u2019occasion aux entreprises d\u2019Afrique et d\u2019autres continents de saisir de nouvelles opportunit\u00e9s et un avantage concurrentiel dans la transition vers des \u00e9conomies \u00e0 faible \u00e9mission de carbone et r\u00e9silientes au changement climatique.<\/p>\n","protected":false},"excerpt":{"rendered":"<p>Du 18 au 21 octobre, Abidjan accueillera le Forum africain de l\u2019\u00e9conomie circulaire (\u00ab \u00c9co Cir Abidjan 2023 \u00bb), avec pour th\u00e8me&nbsp;: \u00ab&nbsp;L\u2019\u00e9conomie circulaire pour un d\u00e9veloppement durable des territoires en Afrique \u00bb. Ce Forum a pour objectif de \u00ab&nbsp;transformer Abidjan en un centre de transition vers l\u2019\u00e9conomie circulaire, permettant aux acteurs africains de ce [&hellip;]<\/p>\n","protected":false},"author":1,"featured_media":215,"comment_status":"open","ping_status":"open","sticky":false,"template":"","format":"standard","meta":{"_monsterinsights_skip_tracking":false,"_monsterinsights_sitenote_active":false,"_monsterinsights_sitenote_note":"","_monsterinsights_sitenote_category":0,"_uf_show_specific_survey":0,"_uf_disable_surveys":false,"footnotes":""},"categories":[4],"tags":[],"class_list":["post-214","post","type-post","status-publish","format-standard","has-post-thumbnail","hentry","category-actualite"],"aioseo_notices":[],"_links":{"self":[{"href":"https:\/\/ivoire-rse.com\/index.php\/wp-json\/wp\/v2\/posts\/214","targetHints":{"allow":["GET"]}}],"collection":[{"href":"https:\/\/ivoire-rse.com\/index.php\/wp-json\/wp\/v2\/posts"}],"about":[{"href":"https:\/\/ivoire-rse.com\/index.php\/wp-json\/wp\/v2\/types\/post"}],"author":[{"embeddable":true,"href":"https:\/\/ivoire-rse.com\/index.php\/wp-json\/wp\/v2\/users\/1"}],"replies":[{"embeddable":true,"href":"https:\/\/ivoire-rse.com\/index.php\/wp-json\/wp\/v2\/comments?post=214"}],"version-history":[{"count":1,"href":"https:\/\/ivoire-rse.com\/index.php\/wp-json\/wp\/v2\/posts\/214\/revisions"}],"predecessor-version":[{"id":216,"href":"https:\/\/ivoire-rse.com\/index.php\/wp-json\/wp\/v2\/posts\/214\/revisions\/216"}],"wp:featuredmedia":[{"embeddable":true,"href":"https:\/\/ivoire-rse.com\/index.php\/wp-json\/wp\/v2\/media\/215"}],"wp:attachment":[{"href":"https:\/\/ivoire-rse.com\/index.php\/wp-json\/wp\/v2\/media?parent=214"}],"wp:term":[{"taxonomy":"category","embeddable":true,"href":"https:\/\/ivoire-rse.com\/index.php\/wp-json\/wp\/v2\/categories?post=214"},{"taxonomy":"post_tag","embeddable":true,"href":"https:\/\/ivoire-rse.com\/index.php\/wp-json\/wp\/v2\/tags?post=214"}],"curies":[{"name":"wp","href":"https:\/\/api.w.org\/{rel}","templated":true}]}}