{"id":227,"date":"2023-09-13T11:30:40","date_gmt":"2023-09-13T09:30:40","guid":{"rendered":"https:\/\/ivoire-rse.com\/?p=227"},"modified":"2023-09-13T11:30:40","modified_gmt":"2023-09-13T09:30:40","slug":"sommet-africain-sur-le-climat-la-declaration-de-nairobi","status":"publish","type":"post","link":"https:\/\/ivoire-rse.com\/index.php\/2023\/09\/13\/sommet-africain-sur-le-climat-la-declaration-de-nairobi\/","title":{"rendered":"Sommet Africain sur le climat\u00a0: la d\u00e9claration de Na\u00efrobi"},"content":{"rendered":"\n<p>Du 4 au 6 septembre, Na\u00efrobi, la capitale du Kenya, a accueilli le Sommet Africain sur le climat.<\/p>\n\n\n\n<p>Dans la d\u00e9claration finale de ce Sommet de haut niveau, les pays africains souhaitent faire passer la capacit\u00e9 de production d\u2019\u00e9nergies renouvelables du continent de 56 gigawatts \u00e0 300 gigawatts d\u2019ici 2030. L\u2019accent a \u00e9t\u00e9 aussi mis sur la n\u00e9cessit\u00e9 d\u2019\u00e9tablir une nouvelle architecture de financement en phase avec les besoins de l\u2019Afrique et incluant l\u2019all\u00e9gement de la dette.<\/p>\n\n\n\n<p>Par ailleurs, William Ruto, Pr\u00e9sident du Kenya a d\u00e9clar\u00e9 que 21,3 milliards d\u2019euros d\u2019investissements internationaux ont \u00e9t\u00e9 promis durant le Sommet Africain sur le Climat, dont environ 4 milliards d\u2019euros de la part des \u00c9mirats arabes unis.<\/p>\n\n\n\n<p>Pour rappel, ce premier Sommet africain sur le climat avait pour objectif, entre autres, de mettre en valeur le potentiel non exploit\u00e9 du contient en mati\u00e8re d\u2019\u00e9nergies renouvelables.<\/p>\n\n\n\n<p><a href=\"https:\/\/www.facebook.com\/sharer.php?u=https:\/\/gabon-rse.com\/?p=834\" target=\"_blank\" rel=\"noreferrer noopener\"><\/a><a href=\"http:\/\/twitter.com\/share?url=https:\/\/gabon-rse.com\/?p=834&amp;text=Sommet%20Africain%20sur%20le%20climat%C2%A0%3A%20la%20d%C3%A9claration%20de%20Na%C3%AFrobi\" target=\"_blank\" rel=\"noreferrer noopener\"><\/a><\/p>\n","protected":false},"excerpt":{"rendered":"<p>Du 4 au 6 septembre, Na\u00efrobi, la capitale du Kenya, a accueilli le Sommet Africain sur le climat. Dans la d\u00e9claration finale de ce Sommet de haut niveau, les pays africains souhaitent faire passer la capacit\u00e9 de production d\u2019\u00e9nergies renouvelables du continent de 56 gigawatts \u00e0 300 gigawatts d\u2019ici 2030. L\u2019accent a \u00e9t\u00e9 aussi mis [&hellip;]<\/p>\n","protected":false},"author":1,"featured_media":228,"comment_status":"open","ping_status":"open","sticky":false,"template":"","format":"standard","meta":{"_monsterinsights_skip_tracking":false,"_monsterinsights_sitenote_active":false,"_monsterinsights_sitenote_note":"","_monsterinsights_sitenote_category":0,"_uf_show_specific_survey":0,"_uf_disable_surveys":false,"footnotes":""},"categories":[4],"tags":[],"class_list":["post-227","post","type-post","status-publish","format-standard","has-post-thumbnail","hentry","category-actualite"],"aioseo_notices":[],"_links":{"self":[{"href":"https:\/\/ivoire-rse.com\/index.php\/wp-json\/wp\/v2\/posts\/227","targetHints":{"allow":["GET"]}}],"collection":[{"href":"https:\/\/ivoire-rse.com\/index.php\/wp-json\/wp\/v2\/posts"}],"about":[{"href":"https:\/\/ivoire-rse.com\/index.php\/wp-json\/wp\/v2\/types\/post"}],"author":[{"embeddable":true,"href":"https:\/\/ivoire-rse.com\/index.php\/wp-json\/wp\/v2\/users\/1"}],"replies":[{"embeddable":true,"href":"https:\/\/ivoire-rse.com\/index.php\/wp-json\/wp\/v2\/comments?post=227"}],"version-history":[{"count":1,"href":"https:\/\/ivoire-rse.com\/index.php\/wp-json\/wp\/v2\/posts\/227\/revisions"}],"predecessor-version":[{"id":229,"href":"https:\/\/ivoire-rse.com\/index.php\/wp-json\/wp\/v2\/posts\/227\/revisions\/229"}],"wp:featuredmedia":[{"embeddable":true,"href":"https:\/\/ivoire-rse.com\/index.php\/wp-json\/wp\/v2\/media\/228"}],"wp:attachment":[{"href":"https:\/\/ivoire-rse.com\/index.php\/wp-json\/wp\/v2\/media?parent=227"}],"wp:term":[{"taxonomy":"category","embeddable":true,"href":"https:\/\/ivoire-rse.com\/index.php\/wp-json\/wp\/v2\/categories?post=227"},{"taxonomy":"post_tag","embeddable":true,"href":"https:\/\/ivoire-rse.com\/index.php\/wp-json\/wp\/v2\/tags?post=227"}],"curies":[{"name":"wp","href":"https:\/\/api.w.org\/{rel}","templated":true}]}}