{"id":230,"date":"2023-09-15T07:30:00","date_gmt":"2023-09-15T05:30:00","guid":{"rendered":"https:\/\/ivoire-rse.com\/?p=230"},"modified":"2023-09-15T03:59:26","modified_gmt":"2023-09-15T01:59:26","slug":"creation-de-trois-agroforets-pour-regenerer-et-rehabiliter-le-couvert-forestier-ivoirien","status":"publish","type":"post","link":"https:\/\/ivoire-rse.com\/index.php\/2023\/09\/15\/creation-de-trois-agroforets-pour-regenerer-et-rehabiliter-le-couvert-forestier-ivoirien\/","title":{"rendered":"Cr\u00e9ation de trois Agrofor\u00eats pour r\u00e9g\u00e9n\u00e9rer et r\u00e9habiliter le couvert forestier ivoirien"},"content":{"rendered":"\n<p>Trois Agro-for\u00eats ont \u00e9t\u00e9 cr\u00e9\u00e9es dans les r\u00e9gions du Cavally et du Gu\u00e9mon, de San Pedro et de la Nawa, en vue de se r\u00e9g\u00e9n\u00e9rer et de r\u00e9habiliter le couvert forestier ivoirien. Le porte-parole du gouvernement a fait cette annonce au terme du Conseil des ministres, le 13 septembre 2023.<\/p>\n\n\n\n<p>\u00ab Le Conseil a adopt\u00e9 trois d\u00e9crets portant cr\u00e9ation de trois Agrofor\u00eats. Il s\u2019agit du d\u00e9cret portant cr\u00e9ation de l\u2019Agrofor\u00eat de Scio (89 650 hectares) dans les r\u00e9gions du Cavally et du Gu\u00e9mon, celui portant cr\u00e9ation de l\u2019Agro-for\u00eat de la Haute-Dodo (174 415 hectares) dans la r\u00e9gion de San Pedro et du d\u00e9cret portant cr\u00e9ation de l\u2019Agro-for\u00eat des Rapides-Grah (273 804 hectares) dans les r\u00e9gions de San Pedro et de la Nawa \u00bb, a annonc\u00e9 Amadou Coulibaly.&nbsp;<\/p>\n\n\n\n<p><br>Conform\u00e9ment \u00e0 la Politique de Pr\u00e9servation, de R\u00e9habilitation et d\u2019Extension des For\u00eats engag\u00e9e par le Gouvernement, ces d\u00e9crets \u00e9rigent en Agro-for\u00eat, les for\u00eats class\u00e9es de Scio, de la Haute-Dodo et des Rapides-Grah, dans les localit\u00e9s sus-indiqu\u00e9es. Ce statut permettra \u00e0 ces for\u00eats class\u00e9es, dont le taux de d\u00e9gradation oscille entre 90% et 95%, de se r\u00e9g\u00e9n\u00e9rer et de r\u00e9habiliter le couvert forestier dans leur p\u00e9rim\u00e8tre de localisation, tout en maintenant la production agricole par la pratique de l\u2019agroforesterie.<\/p>\n","protected":false},"excerpt":{"rendered":"<p>Trois Agro-for\u00eats ont \u00e9t\u00e9 cr\u00e9\u00e9es dans les r\u00e9gions du Cavally et du Gu\u00e9mon, de San Pedro et de la Nawa, en vue de se r\u00e9g\u00e9n\u00e9rer et de r\u00e9habiliter le couvert forestier ivoirien. Le porte-parole du gouvernement a fait cette annonce au terme du Conseil des ministres, le 13 septembre 2023. \u00ab Le Conseil a adopt\u00e9 [&hellip;]<\/p>\n","protected":false},"author":1,"featured_media":231,"comment_status":"open","ping_status":"open","sticky":false,"template":"","format":"standard","meta":{"_monsterinsights_skip_tracking":false,"_monsterinsights_sitenote_active":false,"_monsterinsights_sitenote_note":"","_monsterinsights_sitenote_category":0,"_uf_show_specific_survey":0,"_uf_disable_surveys":false,"footnotes":""},"categories":[4],"tags":[],"class_list":["post-230","post","type-post","status-publish","format-standard","has-post-thumbnail","hentry","category-actualite"],"aioseo_notices":[],"_links":{"self":[{"href":"https:\/\/ivoire-rse.com\/index.php\/wp-json\/wp\/v2\/posts\/230","targetHints":{"allow":["GET"]}}],"collection":[{"href":"https:\/\/ivoire-rse.com\/index.php\/wp-json\/wp\/v2\/posts"}],"about":[{"href":"https:\/\/ivoire-rse.com\/index.php\/wp-json\/wp\/v2\/types\/post"}],"author":[{"embeddable":true,"href":"https:\/\/ivoire-rse.com\/index.php\/wp-json\/wp\/v2\/users\/1"}],"replies":[{"embeddable":true,"href":"https:\/\/ivoire-rse.com\/index.php\/wp-json\/wp\/v2\/comments?post=230"}],"version-history":[{"count":1,"href":"https:\/\/ivoire-rse.com\/index.php\/wp-json\/wp\/v2\/posts\/230\/revisions"}],"predecessor-version":[{"id":232,"href":"https:\/\/ivoire-rse.com\/index.php\/wp-json\/wp\/v2\/posts\/230\/revisions\/232"}],"wp:featuredmedia":[{"embeddable":true,"href":"https:\/\/ivoire-rse.com\/index.php\/wp-json\/wp\/v2\/media\/231"}],"wp:attachment":[{"href":"https:\/\/ivoire-rse.com\/index.php\/wp-json\/wp\/v2\/media?parent=230"}],"wp:term":[{"taxonomy":"category","embeddable":true,"href":"https:\/\/ivoire-rse.com\/index.php\/wp-json\/wp\/v2\/categories?post=230"},{"taxonomy":"post_tag","embeddable":true,"href":"https:\/\/ivoire-rse.com\/index.php\/wp-json\/wp\/v2\/tags?post=230"}],"curies":[{"name":"wp","href":"https:\/\/api.w.org\/{rel}","templated":true}]}}