{"id":241,"date":"2023-09-22T07:30:00","date_gmt":"2023-09-22T05:30:00","guid":{"rendered":"https:\/\/ivoire-rse.com\/?p=241"},"modified":"2023-09-22T03:04:52","modified_gmt":"2023-09-22T01:04:52","slug":"theme-de-la-journee-mondiale-de-lalimentation-2023","status":"publish","type":"post","link":"https:\/\/ivoire-rse.com\/index.php\/2023\/09\/22\/theme-de-la-journee-mondiale-de-lalimentation-2023\/","title":{"rendered":"Th\u00e8me de la Journ\u00e9e Mondiale de l\u2019Alimentation 2023"},"content":{"rendered":"\n<p>La Journ\u00e9e Mondiale de l\u2019Alimentation 2023 sera c\u00e9l\u00e9br\u00e9e le lundi 16 octobre et aura pour th\u00e8me&nbsp;: \u00ab&nbsp;L\u2019eau c\u2019est la vie, l\u2019eau nous nourrit.&nbsp;Ne laisser personne de c\u00f4t\u00e9.&nbsp;\u00bb.<\/p>\n\n\n\n<p>L\u2019eau est essentielle \u00e0 la vie sur la Terre. Elle constitue plus de 50\u202fpour cent de notre corps et recouvre environ 71\u202fpour cent de la surface terrestre.&nbsp;Seul 2.5\u202fpour cent de l\u2019eau est de l\u2019eau douce, qui est potable et convient \u00e0 l\u2019agriculture et \u00e0 la plupart des usages industriels. L\u2019eau est une force motrice pour les populations, les \u00e9conomies et la nature et elle est \u00e0 la base de notre alimentation. En effet, \u00e0 l\u2019\u00e9chelle mondiale, l\u2019agriculture est responsable de 72\u202fpour cent des pr\u00e9l\u00e8vements d\u2019eau mais, comme toutes les ressources naturelles, l\u2019eau douce n\u2019est pas infinie.&nbsp;<\/p>\n\n\n\n<p>La rapide croissance d\u00e9mographique, l\u2019urbanisation, le d\u00e9veloppement \u00e9conomique et le changement climatique soumettent les ressources hydriques mondiales \u00e0 un stress grandissant. Simultan\u00e9ment,&nbsp;les ressources en eau douce ont diminu\u00e9 de 20\u202fpour cent&nbsp;au cours des derni\u00e8res d\u00e9cennies et la disponibilit\u00e9 et qualit\u00e9 de l\u2019eau se d\u00e9t\u00e9riorent rapidement \u00e0 cause de d\u00e9cennies d\u2019utilisation et de gestion erron\u00e9es, d\u2019une sur-extraction des eaux souterraines, de la pollution et du changement climatique. Nous risquons de pousser l\u2019utilisation de cette pr\u00e9cieuse ressource jusqu\u2019au point de non-retour.&nbsp;<\/p>\n\n\n\n<p>Aujourd\u2019hui&nbsp;2,4 milliards de personnes vivent dans des pays soumis \u00e0 un stress hydrique. Beaucoup sont de petits exploitants agricoles qui ont d\u00e9j\u00e0 du mal \u00e0 subvenir \u00e0 leurs besoins journaliers, mais aussi tout particuli\u00e8rement des femmes, des peuples autochtones, des migrants et des r\u00e9fugi\u00e9s. La concurrence face \u00e0 cette ressource d\u2019une valeur inestimable augmente alors que, de plus en plus, la raret\u00e9 de l\u2019eau est la cause de conflits.&nbsp;<\/p>\n\n\n\n<p>Quelque 600\u202fmillions de personnes qui d\u00e9pendent, du moins en partie, des syst\u00e8mes alimentaires aquatiques pour vivre subissent les effets de la pollution, de la d\u00e9gradation des \u00e9cosyst\u00e8mes, de pratiques non durables et du changement climatique.&nbsp;(<em>Source FAO<\/em>)<\/p>\n\n\n\n<p><a href=\"https:\/\/www.facebook.com\/sharer.php?u=https:\/\/gabon-rse.com\/?p=838\" target=\"_blank\" rel=\"noreferrer noopener\"><\/a><\/p>\n","protected":false},"excerpt":{"rendered":"<p>La Journ\u00e9e Mondiale de l\u2019Alimentation 2023 sera c\u00e9l\u00e9br\u00e9e le lundi 16 octobre et aura pour th\u00e8me&nbsp;: \u00ab&nbsp;L\u2019eau c\u2019est la vie, l\u2019eau nous nourrit.&nbsp;Ne laisser personne de c\u00f4t\u00e9.&nbsp;\u00bb. L\u2019eau est essentielle \u00e0 la vie sur la Terre. Elle constitue plus de 50\u202fpour cent de notre corps et recouvre environ 71\u202fpour cent de la surface terrestre.&nbsp;Seul 2.5\u202fpour [&hellip;]<\/p>\n","protected":false},"author":1,"featured_media":242,"comment_status":"open","ping_status":"open","sticky":false,"template":"","format":"standard","meta":{"_monsterinsights_skip_tracking":false,"_monsterinsights_sitenote_active":false,"_monsterinsights_sitenote_note":"","_monsterinsights_sitenote_category":0,"_uf_show_specific_survey":0,"_uf_disable_surveys":false,"footnotes":""},"categories":[4],"tags":[],"class_list":["post-241","post","type-post","status-publish","format-standard","has-post-thumbnail","hentry","category-actualite"],"aioseo_notices":[],"_links":{"self":[{"href":"https:\/\/ivoire-rse.com\/index.php\/wp-json\/wp\/v2\/posts\/241","targetHints":{"allow":["GET"]}}],"collection":[{"href":"https:\/\/ivoire-rse.com\/index.php\/wp-json\/wp\/v2\/posts"}],"about":[{"href":"https:\/\/ivoire-rse.com\/index.php\/wp-json\/wp\/v2\/types\/post"}],"author":[{"embeddable":true,"href":"https:\/\/ivoire-rse.com\/index.php\/wp-json\/wp\/v2\/users\/1"}],"replies":[{"embeddable":true,"href":"https:\/\/ivoire-rse.com\/index.php\/wp-json\/wp\/v2\/comments?post=241"}],"version-history":[{"count":1,"href":"https:\/\/ivoire-rse.com\/index.php\/wp-json\/wp\/v2\/posts\/241\/revisions"}],"predecessor-version":[{"id":243,"href":"https:\/\/ivoire-rse.com\/index.php\/wp-json\/wp\/v2\/posts\/241\/revisions\/243"}],"wp:featuredmedia":[{"embeddable":true,"href":"https:\/\/ivoire-rse.com\/index.php\/wp-json\/wp\/v2\/media\/242"}],"wp:attachment":[{"href":"https:\/\/ivoire-rse.com\/index.php\/wp-json\/wp\/v2\/media?parent=241"}],"wp:term":[{"taxonomy":"category","embeddable":true,"href":"https:\/\/ivoire-rse.com\/index.php\/wp-json\/wp\/v2\/categories?post=241"},{"taxonomy":"post_tag","embeddable":true,"href":"https:\/\/ivoire-rse.com\/index.php\/wp-json\/wp\/v2\/tags?post=241"}],"curies":[{"name":"wp","href":"https:\/\/api.w.org\/{rel}","templated":true}]}}