{"id":244,"date":"2023-09-25T07:30:00","date_gmt":"2023-09-25T05:30:00","guid":{"rendered":"https:\/\/ivoire-rse.com\/?p=244"},"modified":"2023-09-24T14:30:21","modified_gmt":"2023-09-24T12:30:21","slug":"luniversite-de-bondoukou-ouvrira-ses-portes-le-2-octobre-2023","status":"publish","type":"post","link":"https:\/\/ivoire-rse.com\/index.php\/2023\/09\/25\/luniversite-de-bondoukou-ouvrira-ses-portes-le-2-octobre-2023\/","title":{"rendered":"L\u2019Universit\u00e9 de Bondoukou ouvrira ses portes le 2 octobre 2023"},"content":{"rendered":"\n<p>L\u2019universit\u00e9 de Bondoukou va officiellement ouvrir ses portes par les premiers cours le 02 octobre 2023, a annonc\u00e9 le ministre de l\u2019Enseignement sup\u00e9rieur et de la Recherche scientifique, Adama Diawara, au terme d\u2019une visite d\u2019impr\u00e9gnation de l\u2019\u00e9tat d\u2019avancement des travaux de construction de la premi\u00e8re tranche de ladite universit\u00e9, le vendredi 22 septembre 2023.<\/p>\n\n\n\n<p>Selon Adama Diawara, cette universit\u00e9 qui va former dans les domaines de l\u2019Architecture et de l\u2019Urbanisme, des Arts du d\u00e9veloppement durable, des Lettres, des Sciences sociales et des Sciences de la sant\u00e9, ouvrira avec 510 \u00e9tudiants.<\/p>\n\n\n\n<p><br>Le chef du Programme de D\u00e9centralisation des Universit\u00e9s (PDU), Abdoulaye Kon\u00e9, a expliqu\u00e9 que pour la majorit\u00e9 des \u0153uvres, entre autres, les b\u00e2timents de Travaux dirig\u00e9s (TD), les amphith\u00e9\u00e2tres de 500 et 250 places, le restaurant et les r\u00e9sidences universitaires, les \u00e9quipes sont \u00e0 la finalisation du d\u00e9ploiement du mobilier et des VRD, \u00e0 la v\u00e9rification de l\u2019\u00e9lectricit\u00e9 et de l\u2019adduction d\u2019eau des b\u00e2timents.&nbsp;<\/p>\n\n\n\n<p><br>C\u2019est en d\u00e9cembre 2019 que la premi\u00e8re pierre de l\u2019universit\u00e9 de Bondoukou a \u00e9t\u00e9 pos\u00e9e. L\u2019universit\u00e9 sera b\u00e2tie en quatre phases sur une superficie totale de 305 hectares.&nbsp;<a>&nbsp;<\/a><\/p>\n","protected":false},"excerpt":{"rendered":"<p>L\u2019universit\u00e9 de Bondoukou va officiellement ouvrir ses portes par les premiers cours le 02 octobre 2023, a annonc\u00e9 le ministre de l\u2019Enseignement sup\u00e9rieur et de la Recherche scientifique, Adama Diawara, au terme d\u2019une visite d\u2019impr\u00e9gnation de l\u2019\u00e9tat d\u2019avancement des travaux de construction de la premi\u00e8re tranche de ladite universit\u00e9, le vendredi 22 septembre 2023. Selon [&hellip;]<\/p>\n","protected":false},"author":1,"featured_media":245,"comment_status":"open","ping_status":"open","sticky":false,"template":"","format":"standard","meta":{"_monsterinsights_skip_tracking":false,"_monsterinsights_sitenote_active":false,"_monsterinsights_sitenote_note":"","_monsterinsights_sitenote_category":0,"_uf_show_specific_survey":0,"_uf_disable_surveys":false,"footnotes":""},"categories":[4],"tags":[],"class_list":["post-244","post","type-post","status-publish","format-standard","has-post-thumbnail","hentry","category-actualite"],"aioseo_notices":[],"_links":{"self":[{"href":"https:\/\/ivoire-rse.com\/index.php\/wp-json\/wp\/v2\/posts\/244","targetHints":{"allow":["GET"]}}],"collection":[{"href":"https:\/\/ivoire-rse.com\/index.php\/wp-json\/wp\/v2\/posts"}],"about":[{"href":"https:\/\/ivoire-rse.com\/index.php\/wp-json\/wp\/v2\/types\/post"}],"author":[{"embeddable":true,"href":"https:\/\/ivoire-rse.com\/index.php\/wp-json\/wp\/v2\/users\/1"}],"replies":[{"embeddable":true,"href":"https:\/\/ivoire-rse.com\/index.php\/wp-json\/wp\/v2\/comments?post=244"}],"version-history":[{"count":1,"href":"https:\/\/ivoire-rse.com\/index.php\/wp-json\/wp\/v2\/posts\/244\/revisions"}],"predecessor-version":[{"id":246,"href":"https:\/\/ivoire-rse.com\/index.php\/wp-json\/wp\/v2\/posts\/244\/revisions\/246"}],"wp:featuredmedia":[{"embeddable":true,"href":"https:\/\/ivoire-rse.com\/index.php\/wp-json\/wp\/v2\/media\/245"}],"wp:attachment":[{"href":"https:\/\/ivoire-rse.com\/index.php\/wp-json\/wp\/v2\/media?parent=244"}],"wp:term":[{"taxonomy":"category","embeddable":true,"href":"https:\/\/ivoire-rse.com\/index.php\/wp-json\/wp\/v2\/categories?post=244"},{"taxonomy":"post_tag","embeddable":true,"href":"https:\/\/ivoire-rse.com\/index.php\/wp-json\/wp\/v2\/tags?post=244"}],"curies":[{"name":"wp","href":"https:\/\/api.w.org\/{rel}","templated":true}]}}