{"id":248,"date":"2023-10-02T07:30:00","date_gmt":"2023-10-02T05:30:00","guid":{"rendered":"https:\/\/ivoire-rse.com\/?p=248"},"modified":"2023-10-02T00:49:13","modified_gmt":"2023-10-01T22:49:13","slug":"lafrican-business-social-responsibility-forum-et-les-enjeux-de-la-regeneration","status":"publish","type":"post","link":"https:\/\/ivoire-rse.com\/index.php\/2023\/10\/02\/lafrican-business-social-responsibility-forum-et-les-enjeux-de-la-regeneration\/","title":{"rendered":"L\u2019African Business &amp; Social Responsibility Forum et les enjeux de la r\u00e9g\u00e9n\u00e9ration"},"content":{"rendered":"\n<p>La 7<sup>\u00e8me<\/sup> \u00e9dition de l\u2019African Business &amp; Social Responsibility Forum a eu lieu \u00e0 Dakar, le 27 septembre 2023.<\/p>\n\n\n\n<p>Selon St\u00e9phane Moudout\u00e9-Bell, Commissaire G\u00e9n\u00e9ral du Forum,&nbsp;\u00ab&nbsp;la notion de durabilit\u00e9 qui est au c\u0153ur des strat\u00e9gies RSE, pousse les Organisations \u00e0 r\u00e9duire leurs externalit\u00e9s n\u00e9gatives, pour cr\u00e9er plus de valeur \u00e9conomique, en polluant moins et en utilisant moins de ressources naturelles. Cela devient une limite dans un monde \u00e0 complexit\u00e9 exponentielle, et n\u00e9cessite une migration de l\u2019entreprise vers un mod\u00e8le r\u00e9g\u00e9n\u00e9ratif, qui la positionne comme partie int\u00e9grante de la biosph\u00e8re et l\u2019encourage \u00e0 s\u2019inspirer du fonctionnement des \u00e9cosyst\u00e8mes vivants pour une contribution positive \u00e0 l\u2019ensemble des cycles naturels et humains. Cette distinction est essentielle dans un monde qui consomme 1,75 fois sa capacit\u00e9 \u00e0 se r\u00e9g\u00e9n\u00e9rer chaque ann\u00e9e&nbsp;\u00bb.<\/p>\n\n\n\n<p>La 7\u00e8me edition de l\u2019African Business &amp; Social Responsibility Forum a permis aux nombreuses entreprises de s\u2019approprier les fondamentaux de l\u2019approche r\u00e9g\u00e9n\u00e9rative. L\u2019objectif \u00e9tant de mieux contribuer \u00e0 l\u2019am\u00e9lioration du bien-\u00eatre de millions de personnes et revitaliser des milliers de communaut\u00e9s.<\/p>\n","protected":false},"excerpt":{"rendered":"<p>La 7\u00e8me \u00e9dition de l\u2019African Business &amp; Social Responsibility Forum a eu lieu \u00e0 Dakar, le 27 septembre 2023. Selon St\u00e9phane Moudout\u00e9-Bell, Commissaire G\u00e9n\u00e9ral du Forum,&nbsp;\u00ab&nbsp;la notion de durabilit\u00e9 qui est au c\u0153ur des strat\u00e9gies RSE, pousse les Organisations \u00e0 r\u00e9duire leurs externalit\u00e9s n\u00e9gatives, pour cr\u00e9er plus de valeur \u00e9conomique, en polluant moins et en [&hellip;]<\/p>\n","protected":false},"author":1,"featured_media":249,"comment_status":"open","ping_status":"open","sticky":false,"template":"","format":"standard","meta":{"_monsterinsights_skip_tracking":false,"_monsterinsights_sitenote_active":false,"_monsterinsights_sitenote_note":"","_monsterinsights_sitenote_category":0,"_uf_show_specific_survey":0,"_uf_disable_surveys":false,"footnotes":""},"categories":[4],"tags":[],"class_list":["post-248","post","type-post","status-publish","format-standard","has-post-thumbnail","hentry","category-actualite"],"aioseo_notices":[],"_links":{"self":[{"href":"https:\/\/ivoire-rse.com\/index.php\/wp-json\/wp\/v2\/posts\/248","targetHints":{"allow":["GET"]}}],"collection":[{"href":"https:\/\/ivoire-rse.com\/index.php\/wp-json\/wp\/v2\/posts"}],"about":[{"href":"https:\/\/ivoire-rse.com\/index.php\/wp-json\/wp\/v2\/types\/post"}],"author":[{"embeddable":true,"href":"https:\/\/ivoire-rse.com\/index.php\/wp-json\/wp\/v2\/users\/1"}],"replies":[{"embeddable":true,"href":"https:\/\/ivoire-rse.com\/index.php\/wp-json\/wp\/v2\/comments?post=248"}],"version-history":[{"count":1,"href":"https:\/\/ivoire-rse.com\/index.php\/wp-json\/wp\/v2\/posts\/248\/revisions"}],"predecessor-version":[{"id":250,"href":"https:\/\/ivoire-rse.com\/index.php\/wp-json\/wp\/v2\/posts\/248\/revisions\/250"}],"wp:featuredmedia":[{"embeddable":true,"href":"https:\/\/ivoire-rse.com\/index.php\/wp-json\/wp\/v2\/media\/249"}],"wp:attachment":[{"href":"https:\/\/ivoire-rse.com\/index.php\/wp-json\/wp\/v2\/media?parent=248"}],"wp:term":[{"taxonomy":"category","embeddable":true,"href":"https:\/\/ivoire-rse.com\/index.php\/wp-json\/wp\/v2\/categories?post=248"},{"taxonomy":"post_tag","embeddable":true,"href":"https:\/\/ivoire-rse.com\/index.php\/wp-json\/wp\/v2\/tags?post=248"}],"curies":[{"name":"wp","href":"https:\/\/api.w.org\/{rel}","templated":true}]}}