{"id":260,"date":"2023-10-13T07:30:00","date_gmt":"2023-10-13T05:30:00","guid":{"rendered":"https:\/\/ivoire-rse.com\/?p=260"},"modified":"2023-10-13T01:46:39","modified_gmt":"2023-10-12T23:46:39","slug":"investir-dans-le-capital-humain-pour-booster-lemploi","status":"publish","type":"post","link":"https:\/\/ivoire-rse.com\/index.php\/2023\/10\/13\/investir-dans-le-capital-humain-pour-booster-lemploi\/","title":{"rendered":"Investir dans le capital humain pour booster l&#8217;emploi"},"content":{"rendered":"\n<p>Les pays en d\u00e9veloppement abritent actuellement 84 % de la population active mondiale, et ce chiffre est vou\u00e9 \u00e0 augmenter. D\u2019ici 2040, l\u2019Afrique devra g\u00e9n\u00e9rer 2 millions d\u2019emplois chaque mois pour absorber la croissance d\u00e9mographique. En outre, dans les pays en d\u00e9veloppement, sept personnes sur dix occupent des emplois \u00e0 faible valeur ajout\u00e9e et peu r\u00e9mun\u00e9rateurs qui les privent d\u2019une s\u00e9curit\u00e9 financi\u00e8re.<\/p>\n\n\n\n<p>Dans un contexte de crises mondiales qui nuisent \u00e0 l\u2019emploi, les mutations technologiques, l\u2019urbanisation, le changement climatique et le vieillissement de la population mondiale sont autant de \u00ab m\u00e9gatendances \u00bb \u00e9mergentes qui ouvrent de nouvelles perspectives. Mais la collaboration entre les pouvoirs publics, les entreprises et les partenaires de d\u00e9veloppement est essentielle pour exploiter ces d\u00e9bouch\u00e9s et cr\u00e9er des emplois s\u00fbrs et plus productifs.<br>Investir dans le capital humain, c\u2019est permettre aux individus d&rsquo;\u00eatre en bonne sant\u00e9 et d&rsquo;acqu\u00e9rir les connaissances et les comp\u00e9tences n\u00e9cessaires pour occuper les emplois d\u2019aujourd\u2019hui et pr\u00e9parer ceux de demain (<em>Source Banque Mondiale<\/em>).<\/p>\n","protected":false},"excerpt":{"rendered":"<p>Les pays en d\u00e9veloppement abritent actuellement 84 % de la population active mondiale, et ce chiffre est vou\u00e9 \u00e0 augmenter. D\u2019ici 2040, l\u2019Afrique devra g\u00e9n\u00e9rer 2 millions d\u2019emplois chaque mois pour absorber la croissance d\u00e9mographique. En outre, dans les pays en d\u00e9veloppement, sept personnes sur dix occupent des emplois \u00e0 faible valeur ajout\u00e9e et peu [&hellip;]<\/p>\n","protected":false},"author":1,"featured_media":261,"comment_status":"open","ping_status":"open","sticky":false,"template":"","format":"standard","meta":{"_monsterinsights_skip_tracking":false,"_monsterinsights_sitenote_active":false,"_monsterinsights_sitenote_note":"","_monsterinsights_sitenote_category":0,"_uf_show_specific_survey":0,"_uf_disable_surveys":false,"footnotes":""},"categories":[4],"tags":[],"class_list":["post-260","post","type-post","status-publish","format-standard","has-post-thumbnail","hentry","category-actualite"],"aioseo_notices":[],"_links":{"self":[{"href":"https:\/\/ivoire-rse.com\/index.php\/wp-json\/wp\/v2\/posts\/260","targetHints":{"allow":["GET"]}}],"collection":[{"href":"https:\/\/ivoire-rse.com\/index.php\/wp-json\/wp\/v2\/posts"}],"about":[{"href":"https:\/\/ivoire-rse.com\/index.php\/wp-json\/wp\/v2\/types\/post"}],"author":[{"embeddable":true,"href":"https:\/\/ivoire-rse.com\/index.php\/wp-json\/wp\/v2\/users\/1"}],"replies":[{"embeddable":true,"href":"https:\/\/ivoire-rse.com\/index.php\/wp-json\/wp\/v2\/comments?post=260"}],"version-history":[{"count":1,"href":"https:\/\/ivoire-rse.com\/index.php\/wp-json\/wp\/v2\/posts\/260\/revisions"}],"predecessor-version":[{"id":262,"href":"https:\/\/ivoire-rse.com\/index.php\/wp-json\/wp\/v2\/posts\/260\/revisions\/262"}],"wp:featuredmedia":[{"embeddable":true,"href":"https:\/\/ivoire-rse.com\/index.php\/wp-json\/wp\/v2\/media\/261"}],"wp:attachment":[{"href":"https:\/\/ivoire-rse.com\/index.php\/wp-json\/wp\/v2\/media?parent=260"}],"wp:term":[{"taxonomy":"category","embeddable":true,"href":"https:\/\/ivoire-rse.com\/index.php\/wp-json\/wp\/v2\/categories?post=260"},{"taxonomy":"post_tag","embeddable":true,"href":"https:\/\/ivoire-rse.com\/index.php\/wp-json\/wp\/v2\/tags?post=260"}],"curies":[{"name":"wp","href":"https:\/\/api.w.org\/{rel}","templated":true}]}}