{"id":263,"date":"2023-10-16T07:30:00","date_gmt":"2023-10-16T05:30:00","guid":{"rendered":"https:\/\/ivoire-rse.com\/?p=263"},"modified":"2023-10-15T00:43:20","modified_gmt":"2023-10-14T22:43:20","slug":"celebration-de-la-journee-mondiale-de-lalimentation","status":"publish","type":"post","link":"https:\/\/ivoire-rse.com\/index.php\/2023\/10\/16\/celebration-de-la-journee-mondiale-de-lalimentation\/","title":{"rendered":"C\u00e9l\u00e9bration de la Journ\u00e9e mondiale de l\u2019alimentation\u202f"},"content":{"rendered":"\n<h4 class=\"wp-block-heading\">La Journ\u00e9e mondiale de l\u2019alimentation, manifestation annuelle qui invite \u00e0 l\u2019action mondiale en faveur de la transformation des syst\u00e8mes agroalimentaires, c\u00e9l\u00e8bre aussi l\u2019anniversaire de la FAO. Elle compte parmi les plus suivies des journ\u00e9es internationales des Nations Unies.&nbsp;<\/h4>\n\n\n\n<p>En \u00e9cho \u00e0 son th\u00e8me de 2023, \u00ab L\u2019eau c\u2019est la vie, l\u2019eau nous nourrit. Ne laisser personne de c\u00f4t\u00e9 \u00bb, la Journ\u00e9e mondiale de l\u2019alimentation de cette ann\u00e9e met en lumi\u00e8re la situation critique que connaissent 2,4 milliards de personnes dans des pays soumis \u00e0 un stress hydrique, et celle de 600 millions de personnes qui d\u00e9pendent de syst\u00e8mes alimentaires aquatiques et sont confront\u00e9es \u00e0 la pollution, \u00e0 la d\u00e9gradation des \u00e9cosyst\u00e8mes et aux effets du changement climatique.&nbsp;<\/p>\n\n\n\n<p>C\u00e9l\u00e9br\u00e9e dans plus de 150 pays, cette Journ\u00e9e internationale servira de point de ralliement \u00e0 des gouvernements, des entreprises, des organisations de la soci\u00e9t\u00e9 civile et au public dans leur lutte collective contre la faim, son objectif \u00e9tant de mieux faire conna\u00eetre tout ce qu\u2019une gestion responsable de l\u2019eau apporte dans nos syst\u00e8mes agroalimentaires.&nbsp;<\/p>\n\n\n\n<p>La Journ\u00e9e mondiale de l\u2019alimentation comptera quelque 500 activit\u00e9s dans 150 pays et fera l\u2019objet d\u2019une large couverture t\u00e9l\u00e9visuelle, radiophonique et des r\u00e9seaux sociaux visant \u00e0 sensibiliser des millions de personnes. Des animations visuelles, notamment des spectacles de drones et l\u2019illumination de lieux embl\u00e9matiques dans le monde entier, contribueront \u00e0 toucher le public.&nbsp;(<em>Source FAO<\/em>).<\/p>\n","protected":false},"excerpt":{"rendered":"<p>La Journ\u00e9e mondiale de l\u2019alimentation, manifestation annuelle qui invite \u00e0 l\u2019action mondiale en faveur de la transformation des syst\u00e8mes agroalimentaires, c\u00e9l\u00e8bre aussi l\u2019anniversaire de la FAO. Elle compte parmi les plus suivies des journ\u00e9es internationales des Nations Unies.&nbsp; En \u00e9cho \u00e0 son th\u00e8me de 2023, \u00ab L\u2019eau c\u2019est la vie, l\u2019eau nous nourrit. Ne laisser [&hellip;]<\/p>\n","protected":false},"author":1,"featured_media":264,"comment_status":"open","ping_status":"open","sticky":false,"template":"","format":"standard","meta":{"_monsterinsights_skip_tracking":false,"_monsterinsights_sitenote_active":false,"_monsterinsights_sitenote_note":"","_monsterinsights_sitenote_category":0,"_uf_show_specific_survey":0,"_uf_disable_surveys":false,"footnotes":""},"categories":[4],"tags":[],"class_list":["post-263","post","type-post","status-publish","format-standard","has-post-thumbnail","hentry","category-actualite"],"aioseo_notices":[],"_links":{"self":[{"href":"https:\/\/ivoire-rse.com\/index.php\/wp-json\/wp\/v2\/posts\/263","targetHints":{"allow":["GET"]}}],"collection":[{"href":"https:\/\/ivoire-rse.com\/index.php\/wp-json\/wp\/v2\/posts"}],"about":[{"href":"https:\/\/ivoire-rse.com\/index.php\/wp-json\/wp\/v2\/types\/post"}],"author":[{"embeddable":true,"href":"https:\/\/ivoire-rse.com\/index.php\/wp-json\/wp\/v2\/users\/1"}],"replies":[{"embeddable":true,"href":"https:\/\/ivoire-rse.com\/index.php\/wp-json\/wp\/v2\/comments?post=263"}],"version-history":[{"count":1,"href":"https:\/\/ivoire-rse.com\/index.php\/wp-json\/wp\/v2\/posts\/263\/revisions"}],"predecessor-version":[{"id":265,"href":"https:\/\/ivoire-rse.com\/index.php\/wp-json\/wp\/v2\/posts\/263\/revisions\/265"}],"wp:featuredmedia":[{"embeddable":true,"href":"https:\/\/ivoire-rse.com\/index.php\/wp-json\/wp\/v2\/media\/264"}],"wp:attachment":[{"href":"https:\/\/ivoire-rse.com\/index.php\/wp-json\/wp\/v2\/media?parent=263"}],"wp:term":[{"taxonomy":"category","embeddable":true,"href":"https:\/\/ivoire-rse.com\/index.php\/wp-json\/wp\/v2\/categories?post=263"},{"taxonomy":"post_tag","embeddable":true,"href":"https:\/\/ivoire-rse.com\/index.php\/wp-json\/wp\/v2\/tags?post=263"}],"curies":[{"name":"wp","href":"https:\/\/api.w.org\/{rel}","templated":true}]}}