{"id":273,"date":"2023-10-23T07:30:00","date_gmt":"2023-10-23T05:30:00","guid":{"rendered":"https:\/\/ivoire-rse.com\/?p=273"},"modified":"2023-10-23T00:10:50","modified_gmt":"2023-10-22T22:10:50","slug":"appel-a-candidatures-concours-youthadapt-2023","status":"publish","type":"post","link":"https:\/\/ivoire-rse.com\/index.php\/2023\/10\/23\/appel-a-candidatures-concours-youthadapt-2023\/","title":{"rendered":"Appel \u00e0 candidatures-Concours YouthADAPT 2023"},"content":{"rendered":"\n<p>Le&nbsp;Programme d\u2019acc\u00e9l\u00e9ration de l\u2019adaptation en Afrique, une initiative conjointe de la Banque africaine de d\u00e9veloppement et du Centre mondial pour l\u2019adaptation, lance un appel \u00e0 candidatures pour la 3e&nbsp;\u00e9dition du concours YouthADAPT, qui vise \u00e0 soutenir les jeunes entrepreneurs porteurs de solutions pour lutter contre le changement climatique.<\/p>\n\n\n\n<p>Le concours annuel YouthADAPT invite les jeunes entrepreneurs \u00e0 la t\u00eate de micro, petites et moyennes entreprises en Afrique \u00e0 soumettre des solutions innovantes et des projets d\u2019entreprise susceptibles de favoriser l\u2019adaptation et la r\u00e9silience au changement climatique \u00e0 travers le continent.<\/p>\n\n\n\n<p>L\u2019appel de cette ann\u00e9e se concentre sur les entreprises d\u00e9tenues par des femmes pionni\u00e8res des technologies de la quatri\u00e8me r\u00e9volution industrielle&nbsp;: l\u2019intelligence artificielle, l\u2019analyse des m\u00e9gadonn\u00e9es (big data), la r\u00e9alit\u00e9 virtuelle, la robotique, l\u2019Internet des objets, l\u2019informatique quantique, la fabrication additive, la cha\u00eene de blocs (blockchain) et les technologies sans fil de cinqui\u00e8me g\u00e9n\u00e9ration (5G) pour l\u2019adaptation au changement climatique.<\/p>\n\n\n\n<p>Avec le soutien du&nbsp;Fonds pour les changements climatiques en Afrique, h\u00e9berg\u00e9 par la Banque, les laur\u00e9ats recevront 100\u2009000&nbsp;dollars chacun, ainsi qu\u2019un mentorat et un accompagnement pour d\u00e9velopper leurs solutions d\u2019adaptation au changement climatique et leurs projets d\u2019entreprise. Ils rejoindront \u00e9galement le r\u00e9seau des anciens de YouthADAPT (YouthADAPT Alumni Network) pour b\u00e9n\u00e9ficier de l\u2019exp\u00e9rience d\u2019une communaut\u00e9 dynamique de jeunes entrepreneurs \u00e0 travers l\u2019Afrique.<\/p>\n\n\n\n<p>Pour \u00eatre admissibles, les candidates doivent \u00eatre \u00e2g\u00e9es de 18 \u00e0 35&nbsp;ans. Leurs entreprises doivent \u00eatre dirig\u00e9es par des jeunes et offrir des solutions concr\u00e8tes aux d\u00e9fis climatiques r\u00e9els. Elles doivent \u00eatre enregistr\u00e9es et op\u00e9rationnelles en Afrique, et justifier de comptes couvrant une p\u00e9riode d\u2019au moins deux exercices comptables.<\/p>\n\n\n\n<p>Les candidatures doivent \u00eatre d\u00e9pos\u00e9es sur le&nbsp;portail du concours YouthADAPT&nbsp;:<\/p>\n\n\n\n<ul class=\"wp-block-list\">\n<li><a href=\"https:\/\/kcicconsulting.com\/YouthADAPT\/\">https:\/\/kcicconsulting.com\/YouthADAPT\/<\/a><\/li>\n<\/ul>\n\n\n\n<p>La date de cl\u00f4ture des candidatures est fix\u00e9e au 5&nbsp;novembre 2023 \u00e0 23h 59 EAT. Une&nbsp;session d\u2019information est pr\u00e9vue le 23&nbsp;octobre 2023 \u00e0 11h GMT pour donner des d\u00e9tails sur le concours YouthADAPT&nbsp;2023 (<a href=\"https:\/\/events.teams.microsoft.com\/event\/89861579-1b52-46c1-8105-b08c1c49efda@a9e10aed-8dc6-459e-85be-334f97df3039\">https:\/\/events.teams.microsoft.com\/event\/89861579-1b52-46c1-8105-b08c1c49efda@a9e10aed-8dc6-459e-85be-334f97df3039<\/a>) . Cette session traitera des crit\u00e8res d\u2019admissibilit\u00e9, du processus de s\u00e9lection des candidatures, des \u00e9ch\u00e9ances importantes et des avantages de la participation, tels que les dons, le mentorat et les services de d\u00e9veloppement des entreprises.<\/p>\n","protected":false},"excerpt":{"rendered":"<p>Le&nbsp;Programme d\u2019acc\u00e9l\u00e9ration de l\u2019adaptation en Afrique, une initiative conjointe de la Banque africaine de d\u00e9veloppement et du Centre mondial pour l\u2019adaptation, lance un appel \u00e0 candidatures pour la 3e&nbsp;\u00e9dition du concours YouthADAPT, qui vise \u00e0 soutenir les jeunes entrepreneurs porteurs de solutions pour lutter contre le changement climatique. Le concours annuel YouthADAPT invite les jeunes [&hellip;]<\/p>\n","protected":false},"author":1,"featured_media":274,"comment_status":"open","ping_status":"open","sticky":false,"template":"","format":"standard","meta":{"_monsterinsights_skip_tracking":false,"_monsterinsights_sitenote_active":false,"_monsterinsights_sitenote_note":"","_monsterinsights_sitenote_category":0,"_uf_show_specific_survey":0,"_uf_disable_surveys":false,"footnotes":""},"categories":[4],"tags":[],"class_list":["post-273","post","type-post","status-publish","format-standard","has-post-thumbnail","hentry","category-actualite"],"aioseo_notices":[],"_links":{"self":[{"href":"https:\/\/ivoire-rse.com\/index.php\/wp-json\/wp\/v2\/posts\/273","targetHints":{"allow":["GET"]}}],"collection":[{"href":"https:\/\/ivoire-rse.com\/index.php\/wp-json\/wp\/v2\/posts"}],"about":[{"href":"https:\/\/ivoire-rse.com\/index.php\/wp-json\/wp\/v2\/types\/post"}],"author":[{"embeddable":true,"href":"https:\/\/ivoire-rse.com\/index.php\/wp-json\/wp\/v2\/users\/1"}],"replies":[{"embeddable":true,"href":"https:\/\/ivoire-rse.com\/index.php\/wp-json\/wp\/v2\/comments?post=273"}],"version-history":[{"count":1,"href":"https:\/\/ivoire-rse.com\/index.php\/wp-json\/wp\/v2\/posts\/273\/revisions"}],"predecessor-version":[{"id":275,"href":"https:\/\/ivoire-rse.com\/index.php\/wp-json\/wp\/v2\/posts\/273\/revisions\/275"}],"wp:featuredmedia":[{"embeddable":true,"href":"https:\/\/ivoire-rse.com\/index.php\/wp-json\/wp\/v2\/media\/274"}],"wp:attachment":[{"href":"https:\/\/ivoire-rse.com\/index.php\/wp-json\/wp\/v2\/media?parent=273"}],"wp:term":[{"taxonomy":"category","embeddable":true,"href":"https:\/\/ivoire-rse.com\/index.php\/wp-json\/wp\/v2\/categories?post=273"},{"taxonomy":"post_tag","embeddable":true,"href":"https:\/\/ivoire-rse.com\/index.php\/wp-json\/wp\/v2\/tags?post=273"}],"curies":[{"name":"wp","href":"https:\/\/api.w.org\/{rel}","templated":true}]}}