{"id":302,"date":"2023-11-13T07:30:00","date_gmt":"2023-11-13T06:30:00","guid":{"rendered":"https:\/\/ivoire-rse.com\/?p=302"},"modified":"2023-11-13T00:42:47","modified_gmt":"2023-11-12T23:42:47","slug":"le-travail-au-soleil-a-lorigine-de-deces-par-cancer-de-la-peau-sans-melanome","status":"publish","type":"post","link":"https:\/\/ivoire-rse.com\/index.php\/2023\/11\/13\/le-travail-au-soleil-a-lorigine-de-deces-par-cancer-de-la-peau-sans-melanome\/","title":{"rendered":"Le travail au soleil \u00e0 l\u2019origine de d\u00e9c\u00e8s par cancer de la peau sans m\u00e9lanome"},"content":{"rendered":"\n<p>Une nouvelle recherche a r\u00e9v\u00e9l\u00e9 que l&rsquo;exposition au rayonnement solaire ultraviolet est une cause majeure de d\u00e9c\u00e8s par cancer li\u00e9 au travail dans le monde, et qu&rsquo;il faut faire davantage en mati\u00e8re de pr\u00e9vention et d&rsquo;att\u00e9nuation.<\/p>\n\n\n\n<p>Pr\u00e8s d&rsquo;un d\u00e9c\u00e8s sur trois par cancer de la peau sans m\u00e9lanome est d\u00fb au travail sous le soleil, selon les estimations conjointes de l&rsquo;Organisation mondiale de la sant\u00e9 (OMS) et de l&rsquo;Organisation internationale du Travail (OIT). Cette&nbsp;<a href=\"https:\/\/www.sciencedirect.com\/science\/article\/pii\/S0160412023004993?via%3Dihub\">\u00e9tude, publi\u00e9e dans la revue&nbsp;<em>Environment International<\/em>&nbsp;<\/a>, montre que les travailleurs en ext\u00e9rieur sont les premi\u00e8res victimes du cancer de la peau sans m\u00e9lanome et appelle \u00e0 une action pour pr\u00e9venir ce grave danger sur le lieu de travail et les pertes de vies humaines qu&rsquo;il entra\u00eene.&nbsp;<\/p>\n\n\n\n<p><br>Selon les estimations conjointes, 1,6 milliard de personnes en \u00e2ge de travailler (15 ans ou plus) ont \u00e9t\u00e9 expos\u00e9es au rayonnement solaire ultraviolet lorsqu&rsquo;elles travaillaient en ext\u00e9rieur en 2019, soit 28 pour cent de l&rsquo;ensemble des personnes en \u00e2ge de travailler. Rien qu&rsquo;en 2019, pr\u00e8s de 19 000 personnes dans 183 pays sont d\u00e9c\u00e9d\u00e9es d&rsquo;un cancer de la peau sans m\u00e9lanome apr\u00e8s avoir travaill\u00e9 au soleil. La majorit\u00e9 d&rsquo;entre elles (65 pour cent) \u00e9taient des hommes.<br><br>\u00abL&rsquo;exposition non prot\u00e9g\u00e9e au rayonnement solaire ultraviolet au travail est une cause majeure de cancer de la peau professionnel\u00bb, a d\u00e9clar\u00e9 le Dr Tedros Adhanom Ghebreyesus, Directeur g\u00e9n\u00e9ral de l&rsquo;OMS. \u00abMais il existe des solutions efficaces pour prot\u00e9ger les travailleurs des rayons nocifs du soleil et pr\u00e9venir leurs effets mortels.\u00bb<\/p>\n\n\n\n<p><br>Les estimations \u00e9tablissent que l&rsquo;exposition professionnelle au rayonnement solaire ultraviolet est le facteur de risque li\u00e9 au travail qui repr\u00e9sente la troisi\u00e8me charge de morbidit\u00e9 attribuable aux d\u00e9c\u00e8s par cancer dans le monde. Entre 2000 et 2019, les d\u00e9c\u00e8s par cancer de la peau attribuables \u00e0 l&rsquo;exposition professionnelle au soleil ont presque doubl\u00e9 \u2013 augmentant de 88 pour cent, passant de 10 088 d\u00e9c\u00e8s en 2000 \u00e0 18 960 d\u00e9c\u00e8s en 2019.&nbsp;<br><br>\u00abUn environnement de travail s\u00fbr et sain est un droit fondamental au travail\u00bb, a d\u00e9clar\u00e9 Gilbert F. Houngbo, Directeur g\u00e9n\u00e9ral de l&rsquo;OIT. \u00abLes d\u00e9c\u00e8s caus\u00e9s par une exposition non prot\u00e9g\u00e9e au rayonnement solaire ultraviolet pendant le travail sont largement \u00e9vitables gr\u00e2ce \u00e0 des mesures rentables. Il est urgent que les gouvernements, les employeurs, les travailleurs et leurs repr\u00e9sentants travaillent ensemble dans un cadre de droits, de responsabilit\u00e9s et de devoirs bien d\u00e9finis pour r\u00e9duire le risque professionnel d&rsquo;exposition aux UV. Cela peut sauver des milliers de vies chaque ann\u00e9e.\u00bb.<\/p>\n\n\n\n<p><br>La recherche appelle \u00e0 davantage d&rsquo;actions pour prot\u00e9ger les travailleurs contre les travaux dangereux effectu\u00e9s en plein air sous la lumi\u00e8re du soleil. \u00c9tant donn\u00e9 que le cancer de la peau se d\u00e9veloppe apr\u00e8s des ann\u00e9es, voire des d\u00e9cennies d&rsquo;exposition, les travailleurs doivent \u00eatre prot\u00e9g\u00e9s du rayonnement solaire ultraviolet sur leur lieu de travail d\u00e8s leur plus jeune \u00e2ge. Les gouvernements doivent \u00e9tablir, mettre en \u0153uvre et appliquer des politiques et des r\u00e9glementations qui prot\u00e8gent les travailleurs en ext\u00e9rieur contre le cancer de la peau induit par le soleil en leur fournissant de l&rsquo;ombre, en d\u00e9calant les heures de travail par rapport au midi solaire, en assurant l&rsquo;\u00e9ducation et la formation, et en \u00e9quipant les travailleurs de cr\u00e8me solaire et de v\u00eatements de protection individuelle (tels qu&rsquo;un chapeau \u00e0 large bord, des chemises \u00e0 manches longues et des pantalons longs). Les mesures de protection doivent \u00eatre mises en \u0153uvre lorsque l&rsquo;indice ultraviolet, une \u00e9chelle qui \u00e9value la quantit\u00e9 de rayons ultraviolets nocifs pour la peau, est \u00e9gal ou sup\u00e9rieur \u00e0 trois.<\/p>\n\n\n\n<p><br><br>L&rsquo;OMS, l&rsquo;OIT, l&rsquo;Organisation m\u00e9t\u00e9orologique mondiale et le Programme des Nations Unies pour l&rsquo;environnement ont mis au point l&rsquo;<a href=\"https:\/\/www.who.int\/fr\/news\/item\/21-06-2022-sunsmart-global-uv-app-helps-protect-you-from-the-dangers-of-the-sun-and-promotes-public-health\">application SunSmart Global UV&nbsp;<\/a>, qui permet aux travailleurs en ext\u00e9rieur d&rsquo;\u00e9valuer leur exposition au rayonnement solaire ultraviolet.&nbsp;<br><br>D&rsquo;autres mesures visant \u00e0 r\u00e9duire les risques de cancer de la peau consistent \u00e0 sensibiliser les travailleurs au lien entre l&rsquo;exposition professionnelle au soleil et le cancer de la peau, et \u00e0 fournir des services et des programmes permettant de d\u00e9tecter les signes pr\u00e9coces du cancer de la peau.<\/p>\n","protected":false},"excerpt":{"rendered":"<p>Une nouvelle recherche a r\u00e9v\u00e9l\u00e9 que l&rsquo;exposition au rayonnement solaire ultraviolet est une cause majeure de d\u00e9c\u00e8s par cancer li\u00e9 au travail dans le monde, et qu&rsquo;il faut faire davantage en mati\u00e8re de pr\u00e9vention et d&rsquo;att\u00e9nuation. Pr\u00e8s d&rsquo;un d\u00e9c\u00e8s sur trois par cancer de la peau sans m\u00e9lanome est d\u00fb au travail sous le soleil, [&hellip;]<\/p>\n","protected":false},"author":1,"featured_media":303,"comment_status":"open","ping_status":"open","sticky":false,"template":"","format":"standard","meta":{"_monsterinsights_skip_tracking":false,"_monsterinsights_sitenote_active":false,"_monsterinsights_sitenote_note":"","_monsterinsights_sitenote_category":0,"_uf_show_specific_survey":0,"_uf_disable_surveys":false,"footnotes":""},"categories":[6],"tags":[],"class_list":["post-302","post","type-post","status-publish","format-standard","has-post-thumbnail","hentry","category-focus"],"aioseo_notices":[],"_links":{"self":[{"href":"https:\/\/ivoire-rse.com\/index.php\/wp-json\/wp\/v2\/posts\/302","targetHints":{"allow":["GET"]}}],"collection":[{"href":"https:\/\/ivoire-rse.com\/index.php\/wp-json\/wp\/v2\/posts"}],"about":[{"href":"https:\/\/ivoire-rse.com\/index.php\/wp-json\/wp\/v2\/types\/post"}],"author":[{"embeddable":true,"href":"https:\/\/ivoire-rse.com\/index.php\/wp-json\/wp\/v2\/users\/1"}],"replies":[{"embeddable":true,"href":"https:\/\/ivoire-rse.com\/index.php\/wp-json\/wp\/v2\/comments?post=302"}],"version-history":[{"count":1,"href":"https:\/\/ivoire-rse.com\/index.php\/wp-json\/wp\/v2\/posts\/302\/revisions"}],"predecessor-version":[{"id":304,"href":"https:\/\/ivoire-rse.com\/index.php\/wp-json\/wp\/v2\/posts\/302\/revisions\/304"}],"wp:featuredmedia":[{"embeddable":true,"href":"https:\/\/ivoire-rse.com\/index.php\/wp-json\/wp\/v2\/media\/303"}],"wp:attachment":[{"href":"https:\/\/ivoire-rse.com\/index.php\/wp-json\/wp\/v2\/media?parent=302"}],"wp:term":[{"taxonomy":"category","embeddable":true,"href":"https:\/\/ivoire-rse.com\/index.php\/wp-json\/wp\/v2\/categories?post=302"},{"taxonomy":"post_tag","embeddable":true,"href":"https:\/\/ivoire-rse.com\/index.php\/wp-json\/wp\/v2\/tags?post=302"}],"curies":[{"name":"wp","href":"https:\/\/api.w.org\/{rel}","templated":true}]}}