{"id":387,"date":"2024-01-10T07:30:00","date_gmt":"2024-01-10T06:30:00","guid":{"rendered":"https:\/\/ivoire-rse.com\/?p=387"},"modified":"2024-01-10T01:46:45","modified_gmt":"2024-01-10T00:46:45","slug":"assainissement-de-la-ville-dabidjan","status":"publish","type":"post","link":"https:\/\/ivoire-rse.com\/index.php\/2024\/01\/10\/assainissement-de-la-ville-dabidjan\/","title":{"rendered":"Assainissement de la ville d\u2019Abidjan"},"content":{"rendered":"\n<p>Le ministre de l\u2019Environnement, du D\u00e9veloppement durable et de la Transition \u00e9cologique, Jacques Assahor\u00e9 Konan, a eu une s\u00e9ance de travail avec son coll\u00e8gue de l\u2019Hydraulique, de l\u2019Assainissement et de la Salubrit\u00e9, Bouak\u00e9 Fofana et les repr\u00e9sentants du minist\u00e8re de la Construction, du Logement et de l\u2019Urbanisme, du BNETD, de l\u2019UG-PABC et de l\u2019ONAD. Les \u00e9changes ont port\u00e9 sur l\u2019assainissement et la gestion des d\u00e9chets de la lagune \u00c9bri\u00e9, en vue de stopper les odeurs qui en \u00e9manent.<\/p>\n\n\n\n<p>Pour le ministre Jacques Assahor\u00e9 Konan, il existe des solutions \u00e0 court et \u00e0 moyen termes pour traiter les sources d\u2019\u00e9missions et \u00e0 long terme pour l\u2019assainissement du Grand Abidjan. \u00ab Des \u00e9tudes pr\u00e9alables vont \u00eatre faites pour r\u00e9gler d\u00e9finitivement la question \u00bb, a-t-il soulign\u00e9.<br><br>Poursuivant, il a indiqu\u00e9 qu\u2019au niveau du canal d\u2019Anoumabo, les origines des odeurs \u00e9manant de ce canal vont \u00eatre trait\u00e9es, avant d\u2019assainir envisager les alentours de ce site. Et d\u2019ajouter que les affluents d\u2019eaux us\u00e9es qui se jettent dans ce canal seront dirig\u00e9s dans des stations de traitement.<br><br>Intervenant \u00e0 son tour, le ministre Bouak\u00e9 Fofana a d\u00e9plor\u00e9 le fait que beaucoup d\u2019eaux us\u00e9es arrivent dans la lagune sans traitement pr\u00e9alable. \u00ab Nous avons un grand projet qui est en cours. Il s\u2019agit du projet d\u2019assainissement et de r\u00e9silience urbaine qui a d\u00e9marr\u00e9 et qui touche \u00e0 toutes ces questions d\u2019assainissement et de traitement des eaux us\u00e9es et des eaux de pluies \u00bb.<br><br>Il convient de rappeler que cette rencontre s\u2019inscrit dans le cadre de la lutte contre les nuisances environnementales constat\u00e9es dans la baie de Cocody et dans le Canal&nbsp;d\u2019Anoumabo.&nbsp;&nbsp;<\/p>\n","protected":false},"excerpt":{"rendered":"<p>Le ministre de l\u2019Environnement, du D\u00e9veloppement durable et de la Transition \u00e9cologique, Jacques Assahor\u00e9 Konan, a eu une s\u00e9ance de travail avec son coll\u00e8gue de l\u2019Hydraulique, de l\u2019Assainissement et de la Salubrit\u00e9, Bouak\u00e9 Fofana et les repr\u00e9sentants du minist\u00e8re de la Construction, du Logement et de l\u2019Urbanisme, du BNETD, de l\u2019UG-PABC et de l\u2019ONAD. Les [&hellip;]<\/p>\n","protected":false},"author":1,"featured_media":386,"comment_status":"open","ping_status":"open","sticky":false,"template":"","format":"standard","meta":{"_monsterinsights_skip_tracking":false,"_monsterinsights_sitenote_active":false,"_monsterinsights_sitenote_note":"","_monsterinsights_sitenote_category":0,"_uf_show_specific_survey":0,"_uf_disable_surveys":false,"footnotes":""},"categories":[4],"tags":[],"class_list":["post-387","post","type-post","status-publish","format-standard","has-post-thumbnail","hentry","category-actualite"],"aioseo_notices":[],"_links":{"self":[{"href":"https:\/\/ivoire-rse.com\/index.php\/wp-json\/wp\/v2\/posts\/387","targetHints":{"allow":["GET"]}}],"collection":[{"href":"https:\/\/ivoire-rse.com\/index.php\/wp-json\/wp\/v2\/posts"}],"about":[{"href":"https:\/\/ivoire-rse.com\/index.php\/wp-json\/wp\/v2\/types\/post"}],"author":[{"embeddable":true,"href":"https:\/\/ivoire-rse.com\/index.php\/wp-json\/wp\/v2\/users\/1"}],"replies":[{"embeddable":true,"href":"https:\/\/ivoire-rse.com\/index.php\/wp-json\/wp\/v2\/comments?post=387"}],"version-history":[{"count":1,"href":"https:\/\/ivoire-rse.com\/index.php\/wp-json\/wp\/v2\/posts\/387\/revisions"}],"predecessor-version":[{"id":388,"href":"https:\/\/ivoire-rse.com\/index.php\/wp-json\/wp\/v2\/posts\/387\/revisions\/388"}],"wp:featuredmedia":[{"embeddable":true,"href":"https:\/\/ivoire-rse.com\/index.php\/wp-json\/wp\/v2\/media\/386"}],"wp:attachment":[{"href":"https:\/\/ivoire-rse.com\/index.php\/wp-json\/wp\/v2\/media?parent=387"}],"wp:term":[{"taxonomy":"category","embeddable":true,"href":"https:\/\/ivoire-rse.com\/index.php\/wp-json\/wp\/v2\/categories?post=387"},{"taxonomy":"post_tag","embeddable":true,"href":"https:\/\/ivoire-rse.com\/index.php\/wp-json\/wp\/v2\/tags?post=387"}],"curies":[{"name":"wp","href":"https:\/\/api.w.org\/{rel}","templated":true}]}}