{"id":398,"date":"2024-01-17T07:30:00","date_gmt":"2024-01-17T06:30:00","guid":{"rendered":"https:\/\/ivoire-rse.com\/?p=398"},"modified":"2024-01-16T20:43:40","modified_gmt":"2024-01-16T19:43:40","slug":"gestion-des-dechets-de-la-can","status":"publish","type":"post","link":"https:\/\/ivoire-rse.com\/index.php\/2024\/01\/17\/gestion-des-dechets-de-la-can\/","title":{"rendered":"Gestion des d\u00e9chets de la CAN"},"content":{"rendered":"\n<p>\u00c0 l\u2019heure o\u00f9 la C\u00f4te d\u2019Ivoire vibre au rythme de la Coupe d\u2019Afrique des Nations, le pays compte utiliser cette grande messe du football africain pour poursuivre ses activit\u00e9s de pr\u00e9servation de l\u2019environnement.<\/p>\n\n\n\n<p>C\u2019est dans cette optique que le vendredi 12 janvier 2024, Isma\u00efla Sy, Repr\u00e9sentant de l\u2019UNICEF en C\u00f4te d\u2019Ivoire, a proc\u00e9d\u00e9 \u00e0 Cocody \u00e0 la remise du mat\u00e9riel de gestion des d\u00e9chets d\u2019une valeur nette de 230 937 519 FCFA au minist\u00e8re de la Sant\u00e9, de l\u2019Hygi\u00e8ne publique et de la Couverture maladie universelle (Mshpcmu). Obtenu avec l\u2019appui financier de l\u2019USAID, ce mat\u00e9riel permettra la collecte et le conditionnement des d\u00e9chets produits dans les Fan zones et les villages Can des villes qui abritent la comp\u00e9tition.<\/p>\n\n\n\n<p>Mamadou Samba, Pr\u00e9sident du Comit\u00e9 de gestion des urgences sant\u00e9 (Cogu-Sant\u00e9) de la Can, et le repr\u00e9sentant du ministre de la sant\u00e9 n\u2019ont pas manqu\u00e9 de rappeler leurs engagements respectifs quant \u00e0 l\u2019emploi efficace du mat\u00e9riel et \u00e0 pers\u00e9v\u00e9rer dans la sensibilisation des visiteurs des villages Cocan sur les bonnes pratiques d\u2019hygi\u00e8ne.&nbsp;<\/p>\n","protected":false},"excerpt":{"rendered":"<p>\u00c0 l\u2019heure o\u00f9 la C\u00f4te d\u2019Ivoire vibre au rythme de la Coupe d\u2019Afrique des Nations, le pays compte utiliser cette grande messe du football africain pour poursuivre ses activit\u00e9s de pr\u00e9servation de l\u2019environnement. C\u2019est dans cette optique que le vendredi 12 janvier 2024, Isma\u00efla Sy, Repr\u00e9sentant de l\u2019UNICEF en C\u00f4te d\u2019Ivoire, a proc\u00e9d\u00e9 \u00e0 Cocody [&hellip;]<\/p>\n","protected":false},"author":1,"featured_media":399,"comment_status":"open","ping_status":"open","sticky":false,"template":"","format":"standard","meta":{"_monsterinsights_skip_tracking":false,"_monsterinsights_sitenote_active":false,"_monsterinsights_sitenote_note":"","_monsterinsights_sitenote_category":0,"_uf_show_specific_survey":0,"_uf_disable_surveys":false,"footnotes":""},"categories":[6],"tags":[],"class_list":["post-398","post","type-post","status-publish","format-standard","has-post-thumbnail","hentry","category-focus"],"aioseo_notices":[],"_links":{"self":[{"href":"https:\/\/ivoire-rse.com\/index.php\/wp-json\/wp\/v2\/posts\/398","targetHints":{"allow":["GET"]}}],"collection":[{"href":"https:\/\/ivoire-rse.com\/index.php\/wp-json\/wp\/v2\/posts"}],"about":[{"href":"https:\/\/ivoire-rse.com\/index.php\/wp-json\/wp\/v2\/types\/post"}],"author":[{"embeddable":true,"href":"https:\/\/ivoire-rse.com\/index.php\/wp-json\/wp\/v2\/users\/1"}],"replies":[{"embeddable":true,"href":"https:\/\/ivoire-rse.com\/index.php\/wp-json\/wp\/v2\/comments?post=398"}],"version-history":[{"count":1,"href":"https:\/\/ivoire-rse.com\/index.php\/wp-json\/wp\/v2\/posts\/398\/revisions"}],"predecessor-version":[{"id":400,"href":"https:\/\/ivoire-rse.com\/index.php\/wp-json\/wp\/v2\/posts\/398\/revisions\/400"}],"wp:featuredmedia":[{"embeddable":true,"href":"https:\/\/ivoire-rse.com\/index.php\/wp-json\/wp\/v2\/media\/399"}],"wp:attachment":[{"href":"https:\/\/ivoire-rse.com\/index.php\/wp-json\/wp\/v2\/media?parent=398"}],"wp:term":[{"taxonomy":"category","embeddable":true,"href":"https:\/\/ivoire-rse.com\/index.php\/wp-json\/wp\/v2\/categories?post=398"},{"taxonomy":"post_tag","embeddable":true,"href":"https:\/\/ivoire-rse.com\/index.php\/wp-json\/wp\/v2\/tags?post=398"}],"curies":[{"name":"wp","href":"https:\/\/api.w.org\/{rel}","templated":true}]}}