{"id":404,"date":"2024-01-22T07:30:00","date_gmt":"2024-01-22T06:30:00","guid":{"rendered":"https:\/\/ivoire-rse.com\/?p=404"},"modified":"2024-01-21T14:05:52","modified_gmt":"2024-01-21T13:05:52","slug":"lancement-de-la-campagne-de-sensibilisation-denommee-mousso-fariman","status":"publish","type":"post","link":"https:\/\/ivoire-rse.com\/index.php\/2024\/01\/22\/lancement-de-la-campagne-de-sensibilisation-denommee-mousso-fariman\/","title":{"rendered":"Lancement de la campagne de sensibilisation d\u00e9nomm\u00e9e \u00ab\u00a0MOUSSO FARIMAN\u00a0\u00bb"},"content":{"rendered":"\n<p>En marge de la CAN de l\u2019hospitalit\u00e9, la ministre de la Coh\u00e9sion nationale, de la Solidarit\u00e9 et de la Lutte contre la Pauvret\u00e9, Myss Belmonde Dogo, a lanc\u00e9 la campagne de communication d\u00e9nomm\u00e9e \u00ab\u00a0Mousso Fariman\u00a0\u00bb (femme d\u2019impact) mobilisant les c\u00e9l\u00e9brit\u00e9s africaines du monde du football autour des th\u00e9matiques du projet Autonomisation des Femmes et Dividende d\u00e9mographique au Sahel (SWEDD).<\/p>\n\n\n\n<p>Des gloires du football fran\u00e7ais Djibril Ciss\u00e9, ivoirien Wilfried Bony, burkinab\u00e8 Jonathan Pitroipa et s\u00e9n\u00e9galais Alassane N\u2019Dour, l\u2019ancienne secr\u00e9taire g\u00e9n\u00e9rale de la FIFA (2016-d\u00e9cembre 2023), Fatma Samoura, et d\u2019autres personnalit\u00e9s, \u00e9taient pr\u00e9sentes \u00e0 cette c\u00e9r\u00e9monie, le mercredi 17 janvier 2024 au lyc\u00e9e Jeunes filles de Bingerville.<\/p>\n\n\n\n<p><br><br>\u00ab C\u2019est un combat noble pour lequel j\u2019invite chacune et chacun \u00e0 s\u2019engager : il s\u2019agit du combat en faveur de l\u2019autonomisation de la femme et de la scolarisation de la jeune fille. La campagne que nous lan\u00e7ons vise \u00e0 susciter un changement de comportement chez la femme, la jeune fille et toute la communaut\u00e9 \u00bb, a expliqu\u00e9 Myss Belmonde Dogo.<\/p>\n\n\n\n<p><br>La ministre a remerci\u00e9 les c\u00e9l\u00e9brit\u00e9s du monde du football qui ont accept\u00e9 de s\u2019associer \u00e0 cette activit\u00e9 et de partager leurs riches exp\u00e9riences avec les lyc\u00e9ennes de Bingerville.<br><br>\u00ab La cause qui nous r\u00e9unit a besoin de d\u00e9fenseurs. Elle a aussi besoin d\u2019attaquants pour tacler tous les maux et fl\u00e9aux qui emp\u00eachent l\u2019\u00e9panouissement de nos filles et des femmes dans la soci\u00e9t\u00e9. Pour l\u2019autonomisation de la femme et la scolarisation de la jeune fille, jouons collectif, ensemble. Nous sommes assur\u00e9s que la victoire est d\u00e9j\u00e0 dans notre camp \u00bb, a-t-elle souhait\u00e9.<br><br>Porte-parole des ambassadeurs du SWEDD, Alassane N\u2019Dour a rassur\u00e9 quant \u00e0 leur engagement qui est \u00ab fort et pr\u00e9sent \u00bb : \u00ab Nous sommes \u00e0 votre disposition pour vous accompagner partout sur le terrain afin d\u2019accomplir cette mission \u00bb.<\/p>\n\n\n\n<p><br>Pour la directrice r\u00e9gionale du SWEDD, Nafissatou Diop, \u00ab Si on veut passer \u00e0 une \u00e9tape sup\u00e9rieure du continent africain, il faut relever le niveau d\u2019\u00e9ducation des filles et des femmes\u00bb.<br><br>Le SWEDD vise, entre autres, \u00e0 favoriser l\u2019inclusion sociale de la jeune fille dans l\u2019optique de la capture du dividende d\u00e9mographique, en renfor\u00e7ant ses capacit\u00e9s en comp\u00e9tences de vie, en mati\u00e8re de sant\u00e9 reproductive, maternelle, n\u00e9onatale, infantile et nutritionnelle, de m\u00eame que son maintien&nbsp;\u00e0&nbsp;l\u2019\u00e9cole.<a><\/a><\/p>\n","protected":false},"excerpt":{"rendered":"<p>En marge de la CAN de l\u2019hospitalit\u00e9, la ministre de la Coh\u00e9sion nationale, de la Solidarit\u00e9 et de la Lutte contre la Pauvret\u00e9, Myss Belmonde Dogo, a lanc\u00e9 la campagne de communication d\u00e9nomm\u00e9e \u00ab\u00a0Mousso Fariman\u00a0\u00bb (femme d\u2019impact) mobilisant les c\u00e9l\u00e9brit\u00e9s africaines du monde du football autour des th\u00e9matiques du projet Autonomisation des Femmes et Dividende [&hellip;]<\/p>\n","protected":false},"author":1,"featured_media":405,"comment_status":"open","ping_status":"open","sticky":false,"template":"","format":"standard","meta":{"_monsterinsights_skip_tracking":false,"_monsterinsights_sitenote_active":false,"_monsterinsights_sitenote_note":"","_monsterinsights_sitenote_category":0,"_uf_show_specific_survey":0,"_uf_disable_surveys":false,"footnotes":""},"categories":[4],"tags":[],"class_list":["post-404","post","type-post","status-publish","format-standard","has-post-thumbnail","hentry","category-actualite"],"aioseo_notices":[],"_links":{"self":[{"href":"https:\/\/ivoire-rse.com\/index.php\/wp-json\/wp\/v2\/posts\/404","targetHints":{"allow":["GET"]}}],"collection":[{"href":"https:\/\/ivoire-rse.com\/index.php\/wp-json\/wp\/v2\/posts"}],"about":[{"href":"https:\/\/ivoire-rse.com\/index.php\/wp-json\/wp\/v2\/types\/post"}],"author":[{"embeddable":true,"href":"https:\/\/ivoire-rse.com\/index.php\/wp-json\/wp\/v2\/users\/1"}],"replies":[{"embeddable":true,"href":"https:\/\/ivoire-rse.com\/index.php\/wp-json\/wp\/v2\/comments?post=404"}],"version-history":[{"count":1,"href":"https:\/\/ivoire-rse.com\/index.php\/wp-json\/wp\/v2\/posts\/404\/revisions"}],"predecessor-version":[{"id":406,"href":"https:\/\/ivoire-rse.com\/index.php\/wp-json\/wp\/v2\/posts\/404\/revisions\/406"}],"wp:featuredmedia":[{"embeddable":true,"href":"https:\/\/ivoire-rse.com\/index.php\/wp-json\/wp\/v2\/media\/405"}],"wp:attachment":[{"href":"https:\/\/ivoire-rse.com\/index.php\/wp-json\/wp\/v2\/media?parent=404"}],"wp:term":[{"taxonomy":"category","embeddable":true,"href":"https:\/\/ivoire-rse.com\/index.php\/wp-json\/wp\/v2\/categories?post=404"},{"taxonomy":"post_tag","embeddable":true,"href":"https:\/\/ivoire-rse.com\/index.php\/wp-json\/wp\/v2\/tags?post=404"}],"curies":[{"name":"wp","href":"https:\/\/api.w.org\/{rel}","templated":true}]}}