{"id":414,"date":"2024-01-29T07:30:00","date_gmt":"2024-01-29T06:30:00","guid":{"rendered":"https:\/\/ivoire-rse.com\/?p=414"},"modified":"2024-01-28T16:49:42","modified_gmt":"2024-01-28T15:49:42","slug":"energies-renouvelables-lancement-de-construction-dune-centrale-solaire-de-52-mw","status":"publish","type":"post","link":"https:\/\/ivoire-rse.com\/index.php\/2024\/01\/29\/energies-renouvelables-lancement-de-construction-dune-centrale-solaire-de-52-mw\/","title":{"rendered":"Energies renouvelables\u00a0: lancement de construction d\u2019une centrale solaire de 52 MW\u00a0"},"content":{"rendered":"\n<p>Ce projet d\u2019un co\u00fbt de 39,5 milliards de FCFA et enti\u00e8rement financ\u00e9 par Ferk\u00e9 Solar, filiale du groupe PFO Africa, a fait l\u2019objet d\u2019une signature de convention, le mercredi 24 janvier 2024 \u00e0 Abidjan-Plateau, entre le gouvernement ivoirien repr\u00e9sent\u00e9 par le ministre des Mines, du P\u00e9trole et de l\u2019\u00c9nergie, Mamadou Sangafowa Coulibaly, et le groupe PFO Africa repr\u00e9sent\u00e9 par son administrateur, Clyde Fakhoury.<\/p>\n\n\n\n<p>\u00ab C\u2019est un projet qui contribuera \u00e0 la cr\u00e9ation de 150 emplois directs pendant la phase de construction et g\u00e9n\u00e9rera 15 emplois directs permanents en phase d\u2019exploitation \u00bb, a indiqu\u00e9 Mamadou Sangafowa Coulibaly.<\/p>\n\n\n\n<p>Le ministre a \u00e9galement annonc\u00e9 d\u2019autres signatures de contrats en cours d\u2019instruction pour la r\u00e9alisation d\u2019autres centrales solaires d\u2019une capacit\u00e9 cumul\u00e9e de 600 m\u00e9gawatts et dont les mises en service se situeront entre 2025 et 2026. Ces projets seront d\u00e9tenus pour la plupart par des nationaux, a-t-il pr\u00e9cis\u00e9. D\u2019o\u00f9 son appel aux acteurs nationaux d\u00e9sireux d\u2019investir dans ce secteur \u00e0 le faire car l\u2019objectif du Pr\u00e9sident de la R\u00e9publique est d\u2019y avoir des champions nationaux.<br><br>Le ministre est revenu sur la capacit\u00e9 actuelle install\u00e9e de la C\u00f4te d\u2019Ivoire qui est de 2907 m\u00e9gawatts. Elle va passer \u00e0 3 500 m\u00e9gawatts en 2025, \u00e0 5 200 m\u00e9gawatts en 2030 et \u00e0 8 600 m\u00e9gawatts en 2040, a-t-il annonc\u00e9.<\/p>\n\n\n\n<p><br>Il a soulign\u00e9 que la C\u00f4te d\u2019Ivoire, hub \u00e9nerg\u00e9tique au niveau la r\u00e9gion ouest-africaine, a pr\u00e9vu un plan qui met l\u2019accent sur l\u2019int\u00e9gration plus accrue de l\u2019\u00e9nergie renouvelable dans le mix \u00e9nerg\u00e9tique, afin de respecter les engagements climatiques nationaux pris lors de la COP 26, \u00e0 savoir inverser quasiment la tendance actuelle o\u00f9 nous avons 70% d\u2019\u00e9nergie conventionnelle &nbsp;contre 30% d\u2019\u00e9nergie renouvelable : \u00ab Nous avons , pour l\u2019horizon 2030, pris l\u2019engagement de passer \u00e0 45% d\u2019\u00e9nergie renouvelable et \u00e0 55% d\u2019\u00e9nergie conventionnelle \u00bb.<br><br><\/p>\n\n\n\n<p>Il a rappel\u00e9 que la premi\u00e8re centrale solaire ivoirienne situ\u00e9e \u00e0 Boundiali, d\u2019une capacit\u00e9 de 37,5 m\u00e9gawatts, a \u00e9t\u00e9 mise en service en juin 2023. Mamadou Sangafowa Coulibaly a annonc\u00e9 que \u00ab cette centrale verra sa capacit\u00e9 s\u2019\u00e9tendre \u00e0 80 m\u00e9gawatts et le financement est d\u00e9j\u00e0 approuv\u00e9 en Conseil des ministres&nbsp;\u00bb.<\/p>\n\n\n\n<p><br>Clyde Fakhoury, pour sa part, s\u2019est engag\u00e9 pour le respect des d\u00e9lais de d\u00e9but et de fin&nbsp;des&nbsp;travaux.&nbsp;&nbsp;<\/p>\n","protected":false},"excerpt":{"rendered":"<p>Ce projet d\u2019un co\u00fbt de 39,5 milliards de FCFA et enti\u00e8rement financ\u00e9 par Ferk\u00e9 Solar, filiale du groupe PFO Africa, a fait l\u2019objet d\u2019une signature de convention, le mercredi 24 janvier 2024 \u00e0 Abidjan-Plateau, entre le gouvernement ivoirien repr\u00e9sent\u00e9 par le ministre des Mines, du P\u00e9trole et de l\u2019\u00c9nergie, Mamadou Sangafowa Coulibaly, et le groupe [&hellip;]<\/p>\n","protected":false},"author":1,"featured_media":415,"comment_status":"open","ping_status":"open","sticky":false,"template":"","format":"standard","meta":{"_monsterinsights_skip_tracking":false,"_monsterinsights_sitenote_active":false,"_monsterinsights_sitenote_note":"","_monsterinsights_sitenote_category":0,"_uf_show_specific_survey":0,"_uf_disable_surveys":false,"footnotes":""},"categories":[6],"tags":[],"class_list":["post-414","post","type-post","status-publish","format-standard","has-post-thumbnail","hentry","category-focus"],"aioseo_notices":[],"_links":{"self":[{"href":"https:\/\/ivoire-rse.com\/index.php\/wp-json\/wp\/v2\/posts\/414","targetHints":{"allow":["GET"]}}],"collection":[{"href":"https:\/\/ivoire-rse.com\/index.php\/wp-json\/wp\/v2\/posts"}],"about":[{"href":"https:\/\/ivoire-rse.com\/index.php\/wp-json\/wp\/v2\/types\/post"}],"author":[{"embeddable":true,"href":"https:\/\/ivoire-rse.com\/index.php\/wp-json\/wp\/v2\/users\/1"}],"replies":[{"embeddable":true,"href":"https:\/\/ivoire-rse.com\/index.php\/wp-json\/wp\/v2\/comments?post=414"}],"version-history":[{"count":1,"href":"https:\/\/ivoire-rse.com\/index.php\/wp-json\/wp\/v2\/posts\/414\/revisions"}],"predecessor-version":[{"id":416,"href":"https:\/\/ivoire-rse.com\/index.php\/wp-json\/wp\/v2\/posts\/414\/revisions\/416"}],"wp:featuredmedia":[{"embeddable":true,"href":"https:\/\/ivoire-rse.com\/index.php\/wp-json\/wp\/v2\/media\/415"}],"wp:attachment":[{"href":"https:\/\/ivoire-rse.com\/index.php\/wp-json\/wp\/v2\/media?parent=414"}],"wp:term":[{"taxonomy":"category","embeddable":true,"href":"https:\/\/ivoire-rse.com\/index.php\/wp-json\/wp\/v2\/categories?post=414"},{"taxonomy":"post_tag","embeddable":true,"href":"https:\/\/ivoire-rse.com\/index.php\/wp-json\/wp\/v2\/tags?post=414"}],"curies":[{"name":"wp","href":"https:\/\/api.w.org\/{rel}","templated":true}]}}