{"id":428,"date":"2024-02-07T07:30:00","date_gmt":"2024-02-07T06:30:00","guid":{"rendered":"https:\/\/ivoire-rse.com\/?p=428"},"modified":"2024-02-06T21:11:38","modified_gmt":"2024-02-06T20:11:38","slug":"de-la-necessite-de-developper-des-competences-non-techniques-de-base","status":"publish","type":"post","link":"https:\/\/ivoire-rse.com\/index.php\/2024\/02\/07\/de-la-necessite-de-developper-des-competences-non-techniques-de-base\/","title":{"rendered":"De la n\u00e9cessit\u00e9 de d\u00e9velopper des comp\u00e9tences non techniques de base"},"content":{"rendered":"\n<p>Les comp\u00e9tences non techniques (la capacit\u00e9 d\u2019adaptation ; l&rsquo;innovation; la collaboration; la r\u00e9solution de probl\u00e8me; l&rsquo;intelligence \u00e9motionnelle; la patience; la gestion du temps\u2026) devraient occuper une place plus importante dans l&rsquo;enseignement, afin d&rsquo;accro\u00eetre la capacit\u00e9 d&rsquo;adaptation.<\/p>\n\n\n\n<p>Selon un rapport du Forum \u00e9conomique mondial publi\u00e9 en 2020, quelque 85 millions d&#8217;emplois pourraient dispara\u00eetre d&rsquo;ici 2025 en raison de la nouvelle division du travail entre les humains, les machines et les algorithmes, mais 97 millions d&#8217;emplois suppl\u00e9mentaires mieux adapt\u00e9s \u00e0 la nouvelle dynamique pourraient voir le jour. D&rsquo;apr\u00e8s le rapport, parmi les dix comp\u00e9tences les plus importantes en termes d&rsquo;importance d&rsquo;ici \u00e0 2025 figurent les comp\u00e9tences non techniques, notamment la cr\u00e9ativit\u00e9, le leadership et la flexibilit\u00e9.<\/p>\n\n\n\n<p>Si l&rsquo;\u00e9ducation peut g\u00e9n\u00e9ralement servir de base \u00e0 la requalification future, \u00e0 l&rsquo;\u00e9panouissement personnel et \u00e0 la formation d&rsquo;une identit\u00e9 civique, les programmes d&rsquo;enseignement sp\u00e9cifiques ne peuvent rester fig\u00e9s, car les parcours professionnels types continuent d&rsquo;\u00e9voluer et deviennent moins lin\u00e9aires que jamais. Bien qu&rsquo;il y ait un large consensus sur le fait qu&rsquo;aucun ensemble de comp\u00e9tences ou domaine d&rsquo;expertise n&rsquo;est susceptible de soutenir une carri\u00e8re \u00e0 long terme \u00e0 l&rsquo;avenir, les comp\u00e9tences non techniques essentielles du 21e si\u00e8cle &#8211; y compris non seulement la cr\u00e9ativit\u00e9 et la flexibilit\u00e9, mais aussi la r\u00e9solution de probl\u00e8mes complexes, la pens\u00e9e critique et la collaboration &#8211; seront cruciales pour permettre aux gens de mieux s&rsquo;adapter aux besoins changeants du march\u00e9 de l&#8217;emploi.<\/p>\n\n\n\n<p>Ces comp\u00e9tences non techniques devraient \u00eatre d\u00e9velopp\u00e9es t\u00f4t, dans l&rsquo;\u00e9ducation de base, puis affin\u00e9es plus tard dans les \u00e9tablissements d&rsquo;enseignement sup\u00e9rieur et les universit\u00e9s &#8211; ainsi que, id\u00e9alement, au cours de l&rsquo;apprentissage tout au long de la vie \u00e0 l&rsquo;\u00e2ge adulte. En fournissant une base solide de comp\u00e9tences non techniques, un syst\u00e8me \u00e9ducatif peut servir de catalyseur non seulement pour une meilleure adaptabilit\u00e9 aux emplois futurs, mais aussi pour une am\u00e9lioration g\u00e9n\u00e9rale de la qualit\u00e9 de vie. Toutefois, l&rsquo;\u00e9volution de la demande de comp\u00e9tences dans les diff\u00e9rents secteurs d&rsquo;activit\u00e9 n\u00e9cessitera une mise \u00e0 jour et une adaptation r\u00e9guli\u00e8re des programmes d&rsquo;\u00e9tudes, car ils sont naturellement influenc\u00e9s par l&rsquo;\u00e9volution des march\u00e9s du travail.<\/p>\n\n\n\n<p>Les mises \u00e0 jour des programmes devraient \u00e9galement \u00eatre int\u00e9gr\u00e9es progressivement dans les syst\u00e8mes, afin d&rsquo;\u00e9viter les perturbations excessives et les d\u00e9lais de mise en \u0153uvre associ\u00e9s aux r\u00e9visions majeures et peu fr\u00e9quentes. Une seule organisation ne peut \u00e0 elle seule fournir ces comp\u00e9tences non techniques, et certainement pas pour toute la dur\u00e9e de la vie d&rsquo;une personne &#8211; c&rsquo;est pourquoi la cr\u00e9ation de syst\u00e8mes d&rsquo;apprentissage ad\u00e9quats n\u00e9cessite au moins une certaine contribution de la part d&rsquo;institutions publiques et priv\u00e9es. D&rsquo;une mani\u00e8re g\u00e9n\u00e9rale, il conviendrait de mettre davantage l&rsquo;accent sur la collecte d&rsquo;informations aupr\u00e8s des gouvernements, des entreprises et des organisations de la soci\u00e9t\u00e9 civile lors de l&rsquo;\u00e9laboration des programmes d&rsquo;\u00e9tudes.<\/p>\n","protected":false},"excerpt":{"rendered":"<p>Les comp\u00e9tences non techniques (la capacit\u00e9 d\u2019adaptation ; l&rsquo;innovation; la collaboration; la r\u00e9solution de probl\u00e8me; l&rsquo;intelligence \u00e9motionnelle; la patience; la gestion du temps\u2026) devraient occuper une place plus importante dans l&rsquo;enseignement, afin d&rsquo;accro\u00eetre la capacit\u00e9 d&rsquo;adaptation. Selon un rapport du Forum \u00e9conomique mondial publi\u00e9 en 2020, quelque 85 millions d&#8217;emplois pourraient dispara\u00eetre d&rsquo;ici 2025 en [&hellip;]<\/p>\n","protected":false},"author":1,"featured_media":429,"comment_status":"open","ping_status":"open","sticky":false,"template":"","format":"standard","meta":{"_monsterinsights_skip_tracking":false,"_monsterinsights_sitenote_active":false,"_monsterinsights_sitenote_note":"","_monsterinsights_sitenote_category":0,"_uf_show_specific_survey":0,"_uf_disable_surveys":false,"footnotes":""},"categories":[6],"tags":[],"class_list":["post-428","post","type-post","status-publish","format-standard","has-post-thumbnail","hentry","category-focus"],"aioseo_notices":[],"_links":{"self":[{"href":"https:\/\/ivoire-rse.com\/index.php\/wp-json\/wp\/v2\/posts\/428","targetHints":{"allow":["GET"]}}],"collection":[{"href":"https:\/\/ivoire-rse.com\/index.php\/wp-json\/wp\/v2\/posts"}],"about":[{"href":"https:\/\/ivoire-rse.com\/index.php\/wp-json\/wp\/v2\/types\/post"}],"author":[{"embeddable":true,"href":"https:\/\/ivoire-rse.com\/index.php\/wp-json\/wp\/v2\/users\/1"}],"replies":[{"embeddable":true,"href":"https:\/\/ivoire-rse.com\/index.php\/wp-json\/wp\/v2\/comments?post=428"}],"version-history":[{"count":1,"href":"https:\/\/ivoire-rse.com\/index.php\/wp-json\/wp\/v2\/posts\/428\/revisions"}],"predecessor-version":[{"id":430,"href":"https:\/\/ivoire-rse.com\/index.php\/wp-json\/wp\/v2\/posts\/428\/revisions\/430"}],"wp:featuredmedia":[{"embeddable":true,"href":"https:\/\/ivoire-rse.com\/index.php\/wp-json\/wp\/v2\/media\/429"}],"wp:attachment":[{"href":"https:\/\/ivoire-rse.com\/index.php\/wp-json\/wp\/v2\/media?parent=428"}],"wp:term":[{"taxonomy":"category","embeddable":true,"href":"https:\/\/ivoire-rse.com\/index.php\/wp-json\/wp\/v2\/categories?post=428"},{"taxonomy":"post_tag","embeddable":true,"href":"https:\/\/ivoire-rse.com\/index.php\/wp-json\/wp\/v2\/tags?post=428"}],"curies":[{"name":"wp","href":"https:\/\/api.w.org\/{rel}","templated":true}]}}