{"id":455,"date":"2024-02-21T07:30:00","date_gmt":"2024-02-21T06:30:00","guid":{"rendered":"https:\/\/ivoire-rse.com\/?p=455"},"modified":"2024-02-20T17:47:36","modified_gmt":"2024-02-20T16:47:36","slug":"14-milliard-denfants-dans-le-monde-ne-beneficient-daucune-forme-de-protection-sociale","status":"publish","type":"post","link":"https:\/\/ivoire-rse.com\/index.php\/2024\/02\/21\/14-milliard-denfants-dans-le-monde-ne-beneficient-daucune-forme-de-protection-sociale\/","title":{"rendered":"1,4 milliard d\u2019enfants dans le monde ne b\u00e9n\u00e9ficient d\u2019aucune forme de protection sociale"},"content":{"rendered":"\n<p>Moins d\u2019un enfant sur dix dans les pays \u00e0 faible revenu a acc\u00e8s aux allocations familiales, ce qui les rend vuln\u00e9rables aux maladies, aux lacunes en mati\u00e8re d\u2019\u00e9ducation, \u00e0 une mauvaise alimentation, \u00e0 la pauvret\u00e9 et aux in\u00e9galit\u00e9s.<\/p>\n\n\n\n<p>Dans le monde, 1,4 milliard d\u2019enfants, \u00e2g\u00e9s de moins de 15 ans, ne b\u00e9n\u00e9ficient d\u2019aucune forme de protection sociale, ce qui les rend vuln\u00e9rables \u00e0 la maladie, \u00e0 une mauvaise nutrition et \u00e0 la pauvret\u00e9, selon de nouvelles donn\u00e9es publi\u00e9es aujourd\u2019hui par l\u2019Organisation internationale du Travail (OIT), Save the Children et l\u2019UNICEF.<\/p>\n\n\n\n<p>Dans les pays \u00e0 faible revenu, moins d\u2019un enfant sur dix a acc\u00e8s aux allocations familiales, ce qui met en \u00e9vidence une disparit\u00e9 importante par rapport \u00e0 la couverture dont b\u00e9n\u00e9ficient les enfants dans les pays \u00e0 revenu \u00e9lev\u00e9.<\/p>\n\n\n\n<p>Les allocations familiales constituent une forme essentielle de protection sociale, destin\u00e9e \u00e0 promouvoir le bien-\u00eatre \u00e0 long terme des enfants. Vers\u00e9es en esp\u00e8ces ou sous forme de cr\u00e9dits d\u2019imp\u00f4t, elles sont essentielles pour r\u00e9duire la pauvret\u00e9 et permettre aux enfants d\u2019acc\u00e9der aux soins de sant\u00e9, \u00e0 la nutrition, \u00e0 une \u00e9ducation de qualit\u00e9, \u00e0 l\u2019eau et \u00e0 l\u2019assainissement. En outre, ces prestations soutiennent le d\u00e9veloppement socio-\u00e9conomique, en particulier en p\u00e9riode de crise.<\/p>\n\n\n\n<p>De nombreux enfants sont priv\u00e9s des ressources et des services de base dont ils ont besoin pour \u00e9chapper \u00e0 la pauvret\u00e9 et sont donc expos\u00e9s \u00e0 l\u2019impact durable de la faim, de la malnutrition et d\u2019un potentiel non r\u00e9alis\u00e9. Les trois organisations appellent les gouvernements \u00e0 veiller \u00e0 ce que tous les enfants soient prot\u00e9g\u00e9s par des m\u00e9canismes de protection sociale, notamment par des allocations familiales universelles.<\/p>\n\n\n\n<p>Les donn\u00e9es montrent qu\u2019il y a eu une modeste augmentation globale de l\u2019acc\u00e8s aux allocations familiales sur une p\u00e9riode de 14 ans, passant de 20 % en 2009 \u00e0 28,1 % en 2023. Toutefois, les progr\u00e8s sont in\u00e9gaux. Dans les pays \u00e0 faible revenu, les taux de couverture restent extr\u00eamement bas, aux alentours de 9 %. Dans le m\u00eame temps, 84,6 % des enfants des pays \u00e0 revenu \u00e9lev\u00e9 sont couverts.<\/p>\n\n\n\n<p>Les taux de couverture des enfants dans les pays tr\u00e8s vuln\u00e9rables \u00e0 l\u2019impact du changement climatique sont inf\u00e9rieurs d\u2019un tiers \u00e0 ceux des pays qui ne sont pas class\u00e9s comme \u00e9tant \u00e0 haut risque. Il est essentiel de veiller \u00e0 ce que les enfants b\u00e9n\u00e9ficient d\u2019une protection sociale pour les prot\u00e9ger des cons\u00e9quences les plus graves de la crise climatique.<\/p>\n\n\n\n<p>\u00ab&nbsp;Dans le monde, 333 millions d\u2019enfants vivent dans l\u2019extr\u00eame pauvret\u00e9, luttant pour survivre avec moins de 2,15 dollars par jour, et pr\u00e8s d\u2019un milliard d\u2019enfants vivent dans une pauvret\u00e9 multidimensionnelle. Au rythme actuel des progr\u00e8s, la r\u00e9alisation des objectifs de d\u00e9veloppement durable en mati\u00e8re de pauvret\u00e9 est hors de port\u00e9e. Cette situation est inacceptable. Cependant, mettre fin \u00e0 la pauvret\u00e9 des enfants est un choix politique. Il est essentiel d\u2019\u00e9tendre la couverture de la protection sociale des enfants dans la lutte contre la pauvret\u00e9, notamment par la mise en place progressive d\u2019allocations familiales universelles&nbsp;\u00bb, a d\u00e9clar\u00e9 Natalia Winder Rossi, directrice de la politique sociale et de la protection sociale \u00e0 l\u2019UNICEF.<\/p>\n\n\n\n<p>R\u00e9partition r\u00e9gionale de la couverture des prestations pour enfants entre 2009 et 2023 :<\/p>\n\n\n\n<ul class=\"wp-block-list\">\n<li>En Asie de l\u2019Est et dans le Pacifique, la couverture des prestations pour enfants est pass\u00e9e de 9,2 % en 2009 \u00e0 16,0 % en 2023&nbsp;;<\/li>\n\n\n\n<li>En Afrique de l\u2019Est et en Afrique australe, la couverture est pass\u00e9e de 9,6 % \u00e0 12,3 %&nbsp;;<\/li>\n\n\n\n<li>En Afrique de l\u2019Ouest et centrale, la couverture a augment\u00e9 de 3,1 \u00e0 11,8 %&nbsp;;<\/li>\n\n\n\n<li>En Europe de l\u2019Est et en Asie centrale, la couverture est pass\u00e9e de 59 % \u00e0 61,4 %&nbsp;;<\/li>\n\n\n\n<li>En Am\u00e9rique du Nord, la couverture est pass\u00e9e de 78,1 % \u00e0 84,0 %&nbsp;;<\/li>\n\n\n\n<li>En Europe occidentale, la couverture est pass\u00e9e de 91 % \u00e0 93,2 %.<\/li>\n<\/ul>\n\n\n\n<p>Des am\u00e9liorations plus marqu\u00e9es ont eu lieu au cours de la m\u00eame p\u00e9riode en :<\/p>\n\n\n\n<ul class=\"wp-block-list\">\n<li>L\u2019Am\u00e9rique latine et les Cara\u00efbes, o\u00f9 les taux de couverture sont pass\u00e9s de 30,8 \u00e0 41,9%&nbsp;;<\/li>\n\n\n\n<li>Au Moyen-Orient et en Afrique du Nord, o\u00f9 ils sont pass\u00e9s de 22,7 % \u00e0 32,5 %&nbsp;;<\/li>\n\n\n\n<li>En Asie du Sud, o\u00f9 ils sont pass\u00e9s de 9,2 \u00e0 24,3 %.<\/li>\n<\/ul>\n\n\n\n<p>C\u2019est une crise qui concerne pr\u00e8s d\u2019un milliard d\u2019enfants qui ne sont pas couverts par des prestations et pour les pays dans lesquels ils vivent&nbsp;\u00bb, a d\u00e9clar\u00e9 Shahra Razavi, directrice du d\u00e9partement de la protection sociale de l\u2019OIT. \u00ab&nbsp;Il est urgent d\u2019\u00e9laborer des politiques efficaces pour nous aider \u00e0 combler les lacunes en mati\u00e8re de protection. Les in\u00e9galit\u00e9s r\u00e9gionales en mati\u00e8re de couverture et de progr\u00e8s sont tr\u00e8s pr\u00e9occupantes \u2013 l\u2019am\u00e9lioration de la couverture des prestations pour enfants est marginale dans la plupart des r\u00e9gions et trop d\u2019enfants sont encore laiss\u00e9s pour compte.&nbsp;\u00bb<\/p>\n\n\n\n<p>Pour soutenir les efforts de suivi et de r\u00e9duction des \u00e9carts de couverture des prestations pour enfants, Save the Children, l\u2019OIT et l\u2019UNICEF ont d\u00e9velopp\u00e9 le&nbsp;<a href=\"https:\/\/www.childbenefitstracker.org\/\"><strong>Global Child Benefits Tracker<\/strong>&nbsp;<\/a>, une plateforme en ligne permettant de suivre l\u2019acc\u00e8s des enfants aux prestations et de plaider aupr\u00e8s des gouvernements et des bailleurs de fonds pour combler les \u00e9carts. Ce lancement intervient \u00e0 un moment crucial, alors que les donn\u00e9es les plus r\u00e9centes montrent que 829 millions d\u2019enfants dans le monde vivent dans des foyers o\u00f9 le revenu par personne est &nbsp;inf\u00e9rieur \u00e0 3,65 dollars par jour et que les progr\u00e8s en mati\u00e8re de r\u00e9duction de la pauvret\u00e9 infantile sont en grande partie au point mort.<\/p>\n\n\n\n<p>\u00ab&nbsp;Les prestations pour enfants permettent aux familles de mieux se nourrir, de mieux se soigner, de mieux s\u2019\u00e9duquer et de mieux se prot\u00e9ger ; elles sont essentielles pour faire respecter les droits des enfants et renforcer leur potentiel \u00e0 l\u2019\u00e2ge adulte. Les prestations pour enfants sont donc essentielles pour construire des \u00e9conomies inclusives et r\u00e9silientes pour l\u2019avenir. Malheureusement, de nombreux pays n\u2019ont pas donn\u00e9 la priorit\u00e9 \u00e0 l\u2019investissement dans la protection sociale. Gr\u00e2ce au tableau de bord des prestations pour enfants, nous mettons en lumi\u00e8re l\u2019ampleur de la pauvret\u00e9 infantile dans le monde et des exemples de progr\u00e8s afin de susciter une plus grande volont\u00e9 politique et des investissements dans des syst\u00e8mes de protection sociale adapt\u00e9s aux enfants&nbsp;\u00bb, a d\u00e9clar\u00e9 David Lambert Tumwesigye, responsable mondial de la politique et du plaidoyer en mati\u00e8re de pauvret\u00e9 infantile, Save the Children International.<\/p>\n\n\n\n<p>Les trois agences exhortent les d\u00e9cideurs politiques et les donateurs \u00e0 prendre des mesures d\u00e9cisives pour parvenir \u00e0 une protection sociale universelle pour tous les enfants&nbsp;:<\/p>\n\n\n\n<ul class=\"wp-block-list\">\n<li>Construire des syst\u00e8mes de protection sociale fond\u00e9s sur les droits, sensibles au genre, inclusifs et r\u00e9actifs aux chocs, afin de lutter contre les in\u00e9galit\u00e9s et d\u2019obtenir de meilleurs r\u00e9sultats pour les filles et les femmes, les enfants handicap\u00e9s, les enfants migrants et les enfants qui travaillent, entre autres&nbsp;;<\/li>\n\n\n\n<li>Pour combler les lacunes en mati\u00e8re de protection, il faut combler le \u00ab&nbsp;d\u00e9ficit de financement&nbsp;\u00bb. Cela signifie qu\u2019il faut investir dans les allocations familiales pour tous les enfants, ce qui constitue un moyen \u00e9prouv\u00e9 et rentable de lutter contre la pauvret\u00e9 infantile et de garantir l\u2019\u00e9panouissement des enfants&nbsp;;<\/li>\n\n\n\n<li>Fournir une gamme compl\u00e8te de prestations pour enfants par le biais de syst\u00e8mes nationaux de protection sociale qui relient \u00e9galement les familles \u00e0 des services&nbsp;sociaux et de sant\u00e9 essentiels, tels que des services de garde d\u2019enfants de qualit\u00e9, gratuits ou abordables&nbsp;;<\/li>\n\n\n\n<li>Garantir un financement durable des syst\u00e8mes de protection sociale en mobilisant les ressources nationales et en augmentant les investissements publics en faveur des enfants&nbsp;;<\/li>\n\n\n\n<li>Renforcer la protection sociale des parents et des personnes qui s\u2019occupent des enfants en garantissant l\u2019acc\u00e8s \u00e0 un travail d\u00e9cent et \u00e0 des prestations ad\u00e9quates, notamment en mati\u00e8re de ch\u00f4mage, de maladie, de maternit\u00e9, d\u2019invalidit\u00e9 et de retraite. (<em>Source OIT<\/em>)<\/li>\n<\/ul>\n","protected":false},"excerpt":{"rendered":"<p>Moins d\u2019un enfant sur dix dans les pays \u00e0 faible revenu a acc\u00e8s aux allocations familiales, ce qui les rend vuln\u00e9rables aux maladies, aux lacunes en mati\u00e8re d\u2019\u00e9ducation, \u00e0 une mauvaise alimentation, \u00e0 la pauvret\u00e9 et aux in\u00e9galit\u00e9s. Dans le monde, 1,4 milliard d\u2019enfants, \u00e2g\u00e9s de moins de 15 ans, ne b\u00e9n\u00e9ficient d\u2019aucune forme de [&hellip;]<\/p>\n","protected":false},"author":1,"featured_media":456,"comment_status":"open","ping_status":"open","sticky":false,"template":"","format":"standard","meta":{"_monsterinsights_skip_tracking":false,"_monsterinsights_sitenote_active":false,"_monsterinsights_sitenote_note":"","_monsterinsights_sitenote_category":0,"_uf_show_specific_survey":0,"_uf_disable_surveys":false,"footnotes":""},"categories":[6],"tags":[],"class_list":["post-455","post","type-post","status-publish","format-standard","has-post-thumbnail","hentry","category-focus"],"aioseo_notices":[],"_links":{"self":[{"href":"https:\/\/ivoire-rse.com\/index.php\/wp-json\/wp\/v2\/posts\/455","targetHints":{"allow":["GET"]}}],"collection":[{"href":"https:\/\/ivoire-rse.com\/index.php\/wp-json\/wp\/v2\/posts"}],"about":[{"href":"https:\/\/ivoire-rse.com\/index.php\/wp-json\/wp\/v2\/types\/post"}],"author":[{"embeddable":true,"href":"https:\/\/ivoire-rse.com\/index.php\/wp-json\/wp\/v2\/users\/1"}],"replies":[{"embeddable":true,"href":"https:\/\/ivoire-rse.com\/index.php\/wp-json\/wp\/v2\/comments?post=455"}],"version-history":[{"count":1,"href":"https:\/\/ivoire-rse.com\/index.php\/wp-json\/wp\/v2\/posts\/455\/revisions"}],"predecessor-version":[{"id":457,"href":"https:\/\/ivoire-rse.com\/index.php\/wp-json\/wp\/v2\/posts\/455\/revisions\/457"}],"wp:featuredmedia":[{"embeddable":true,"href":"https:\/\/ivoire-rse.com\/index.php\/wp-json\/wp\/v2\/media\/456"}],"wp:attachment":[{"href":"https:\/\/ivoire-rse.com\/index.php\/wp-json\/wp\/v2\/media?parent=455"}],"wp:term":[{"taxonomy":"category","embeddable":true,"href":"https:\/\/ivoire-rse.com\/index.php\/wp-json\/wp\/v2\/categories?post=455"},{"taxonomy":"post_tag","embeddable":true,"href":"https:\/\/ivoire-rse.com\/index.php\/wp-json\/wp\/v2\/tags?post=455"}],"curies":[{"name":"wp","href":"https:\/\/api.w.org\/{rel}","templated":true}]}}