{"id":516,"date":"2024-04-03T07:30:00","date_gmt":"2024-04-03T05:30:00","guid":{"rendered":"https:\/\/ivoire-rse.com\/?p=516"},"modified":"2024-04-03T03:02:22","modified_gmt":"2024-04-03T01:02:22","slug":"centrale-solaire-de-boundiali-une-etape-importante-vers-la-diversification-energetique-de-la-cote-divoire","status":"publish","type":"post","link":"https:\/\/ivoire-rse.com\/index.php\/2024\/04\/03\/centrale-solaire-de-boundiali-une-etape-importante-vers-la-diversification-energetique-de-la-cote-divoire\/","title":{"rendered":"Centrale solaire de Boundiali : Une \u00e9tape importante vers la diversification \u00e9nerg\u00e9tique de la C\u00f4te d&rsquo;Ivoire"},"content":{"rendered":"\n<p>La premi\u00e8re phase de la centrale solaire photovolta\u00efque de Boundiali sera inaugur\u00e9e le 3 avril 2024. Cette nouvelle infrastructure, d&rsquo;une capacit\u00e9 de 37,5 MWc (millions de watts), marque une \u00e9tape importante dans la transition \u00e9nerg\u00e9tique de la C\u00f4te d&rsquo;Ivoire vers des sources d&rsquo;\u00e9nergie renouvelables.<\/p>\n\n\n\n<p>S\u2019\u00e9tendant sur une superficie de 78 hectares, la centrale solaire de Boundiali est un projet d&rsquo;envergure qui contribuera \u00e0 l&rsquo;\u00e9lectrification des villages et \u00e0 l&rsquo;am\u00e9lioration de la qualit\u00e9 de vie de plus de 430 000 foyers.<\/p>\n\n\n\n<p>La centrale de Boundiali est un engagement financier important de 75,6 millions d&rsquo;euros. Le projet permettra la cr\u00e9ation de 300 emplois directs et indirects pendant la phase de construction et 40 emplois permanents une fois la phase d&rsquo;exploitation entam\u00e9.<\/p>\n\n\n\n<p>Pour la C\u00f4te d&rsquo;Ivoire, cette centrale solaire est un pas de plus vers une transition \u00e9nerg\u00e9tique. L&rsquo;objectif est d&rsquo;atteindre 45% de d\u00e9pendance aux \u00e9nergies renouvelables d&rsquo;ici 2030, en incluant les installations hydro\u00e9lectriques.<\/p>\n\n\n\n<p>Ce projet permettra \u00e9galement \u00e0 la C\u00f4te d&rsquo;Ivoire d\u2019honorer ses engagements internationaux en mati\u00e8re de r\u00e9duction des \u00e9missions de gaz \u00e0 effet de serre.<\/p>\n\n\n\n<p>En effet, gr\u00e2ce \u00e0 cette centrale, 60 000 tonnes d&rsquo;\u00e9missions de CO2 seront \u00e9vit\u00e9es chaque ann\u00e9e.<\/p>\n\n\n\n<p>La centrale de Boundiali est un mod\u00e8le de d\u00e9veloppement durable qui combine la production d&rsquo;\u00e9nergie verte \u00e0 la cr\u00e9ation d&#8217;emplois et \u00e0 la protection de l&rsquo;environnement.<\/p>\n\n\n\n<p><strong>*La livraison de la Phase 2 du projet est fix\u00e9e pour avril 2025. <\/strong>(<em>Source&nbsp;: gouv.ci)<\/em><strong><\/strong><\/p>\n","protected":false},"excerpt":{"rendered":"<p>La premi\u00e8re phase de la centrale solaire photovolta\u00efque de Boundiali sera inaugur\u00e9e le 3 avril 2024. Cette nouvelle infrastructure, d&rsquo;une capacit\u00e9 de 37,5 MWc (millions de watts), marque une \u00e9tape importante dans la transition \u00e9nerg\u00e9tique de la C\u00f4te d&rsquo;Ivoire vers des sources d&rsquo;\u00e9nergie renouvelables. S\u2019\u00e9tendant sur une superficie de 78 hectares, la centrale solaire de [&hellip;]<\/p>\n","protected":false},"author":1,"featured_media":517,"comment_status":"open","ping_status":"open","sticky":false,"template":"","format":"standard","meta":{"_monsterinsights_skip_tracking":false,"_monsterinsights_sitenote_active":false,"_monsterinsights_sitenote_note":"","_monsterinsights_sitenote_category":0,"_uf_show_specific_survey":0,"_uf_disable_surveys":false,"footnotes":""},"categories":[6],"tags":[],"class_list":["post-516","post","type-post","status-publish","format-standard","has-post-thumbnail","hentry","category-focus"],"aioseo_notices":[],"_links":{"self":[{"href":"https:\/\/ivoire-rse.com\/index.php\/wp-json\/wp\/v2\/posts\/516","targetHints":{"allow":["GET"]}}],"collection":[{"href":"https:\/\/ivoire-rse.com\/index.php\/wp-json\/wp\/v2\/posts"}],"about":[{"href":"https:\/\/ivoire-rse.com\/index.php\/wp-json\/wp\/v2\/types\/post"}],"author":[{"embeddable":true,"href":"https:\/\/ivoire-rse.com\/index.php\/wp-json\/wp\/v2\/users\/1"}],"replies":[{"embeddable":true,"href":"https:\/\/ivoire-rse.com\/index.php\/wp-json\/wp\/v2\/comments?post=516"}],"version-history":[{"count":1,"href":"https:\/\/ivoire-rse.com\/index.php\/wp-json\/wp\/v2\/posts\/516\/revisions"}],"predecessor-version":[{"id":518,"href":"https:\/\/ivoire-rse.com\/index.php\/wp-json\/wp\/v2\/posts\/516\/revisions\/518"}],"wp:featuredmedia":[{"embeddable":true,"href":"https:\/\/ivoire-rse.com\/index.php\/wp-json\/wp\/v2\/media\/517"}],"wp:attachment":[{"href":"https:\/\/ivoire-rse.com\/index.php\/wp-json\/wp\/v2\/media?parent=516"}],"wp:term":[{"taxonomy":"category","embeddable":true,"href":"https:\/\/ivoire-rse.com\/index.php\/wp-json\/wp\/v2\/categories?post=516"},{"taxonomy":"post_tag","embeddable":true,"href":"https:\/\/ivoire-rse.com\/index.php\/wp-json\/wp\/v2\/tags?post=516"}],"curies":[{"name":"wp","href":"https:\/\/api.w.org\/{rel}","templated":true}]}}