{"id":523,"date":"2024-04-08T07:30:00","date_gmt":"2024-04-08T05:30:00","guid":{"rendered":"https:\/\/ivoire-rse.com\/?p=523"},"modified":"2024-04-08T01:09:39","modified_gmt":"2024-04-07T23:09:39","slug":"lautisme-en-cote-divoire-mobilisation-nationale-pour-un-changement-perenne","status":"publish","type":"post","link":"https:\/\/ivoire-rse.com\/index.php\/2024\/04\/08\/lautisme-en-cote-divoire-mobilisation-nationale-pour-un-changement-perenne\/","title":{"rendered":"L&rsquo;autisme en C\u00f4te d&rsquo;Ivoire : mobilisation nationale pour un changement p\u00e9renne"},"content":{"rendered":"\n<p>L&rsquo;autisme est un trouble neuro-d\u00e9veloppemental qui affecte la communication et les interactions sociales. Les personnes autistes peuvent pr\u00e9senter des difficult\u00e9s \u00e0 communiquer oralement et \u00e0 travers d\u2019autres types de expressions, \u00e0 comprendre les r\u00e8gles sociales et \u00e0 d\u00e9velopper des amiti\u00e9s et des relations significatives. Il n&rsquo;existe pas de traitement \u00e0 ce trouble.<\/p>\n\n\n\n<p>En C\u00f4te d&rsquo;Ivoire, l&rsquo;autisme touche 1 personne sur 150, soit pr\u00e8s de 225.000 enfants de 0 \u00e0 17 ans. Cependant, le diagnostic de l&rsquo;autisme est souvent pos\u00e9 tardivement, ce qui peut impacter la mise en place d&rsquo;une prise en charge ad\u00e9quate. En effet, un diagnostic rapide peut de mani\u00e8re significative am\u00e9liorer le d\u00e9veloppement et la qualit\u00e9 de vie des personnes autistes.<\/p>\n\n\n\n<p>A l&rsquo;occasion de la Journ\u00e9e mondiale de sensibilisation \u00e0 l&rsquo;autisme c\u00e9l\u00e9br\u00e9e le 2 avril 2024, le gouvernement ivoirien a lanc\u00e9 la deuxi\u00e8me \u00e9dition de la campagne nationale \u00ab&nbsp;Avril Bleu&nbsp;\u00bb qui s\u2019\u00e9tendra tout au long du mois d&rsquo;avril.<\/p>\n\n\n\n<p>Cette initiative vise \u00e0 informer et mobiliser les populations sur les troubles du spectre autistique (TSA) et \u00e0 promouvoir une meilleure prise en charge des personnes concern\u00e9es. Le th\u00e8me choisi cette ann\u00e9e est : \u00ab\u00a0Autisme, transformons les occasions manqu\u00e9es en opportunit\u00e9s\u00a0\u00bb et se d\u00e9ploiera sur deux axes; la sensibilisation les populations \u00e0 l&rsquo;autisme et aux d\u00e9fis rencontr\u00e9s par les personnes autistes et leurs familles et la promotion du d\u00e9pistage pr\u00e9coce et la prise en charge efficace de l&rsquo;autisme.<\/p>\n\n\n\n<p>Des \u00e9v\u00e8nements et des actions de sensibilisation seront organis\u00e9s dans les 113 districts sanitaires par les interventions int\u00e9gr\u00e9es. Le programme national de sant\u00e9 mentale pr\u00e9voit notamment le renforcement des capacit\u00e9s des professionnels de sant\u00e9 en mati\u00e8re de diagnostic et de prise en charge de l&rsquo;autisme, la sensibilisation des populations sur les TSA et la lutte contre les pr\u00e9jug\u00e9s et l\u2019appui de l&rsquo;inclusion des personnes autistes dans la soci\u00e9t\u00e9.<\/p>\n\n\n\n<p>Pierre Dimba, Ministre de la sant\u00e9, de l\u2019Hygi\u00e8ne publique et de la Couverture Maladie Universelle a indiqu\u00e9 que la C\u00f4te d\u2019Ivoire dispose \u00ab&nbsp;d\u2019un Centre de R\u00e9f\u00e9rence de l\u2019AUTISME chez l\u2019enfant \u00e0 l\u2019Institut National de Sant\u00e9 Publique d\u2019Abidjan (INSP)&nbsp;\u00bb.<\/p>\n\n\n\n<p>De plus, les populations peuvent obtenir plus d\u2019information \u00e0 travers la page Facebook interactive du Minist\u00e8re de la Sant\u00e9 et de l&rsquo;Hygi\u00e8ne Publique <a href=\"https:\/\/fr-fr.facebook.com\/mshpcmu\/\" target=\"_blank\" rel=\"noreferrer noopener\">https:\/\/fr-fr.facebook.com\/mshpcmu\/<\/a> et surtout ne pas se limiter, car \u00e0 travers les diff\u00e9rents r\u00e9seaux sociaux aujourd\u2019hui, il y a des familles qui partagent leur quotidien et leurs exp\u00e9riences mais aussi des autistes qui d\u00e9construisent les pr\u00e9jug\u00e9s et donne de l\u2019espoir aux personnes atteintes. <em>(Source&nbsp;: gouv.ci)<\/em>.<\/p>\n","protected":false},"excerpt":{"rendered":"<p>L&rsquo;autisme est un trouble neuro-d\u00e9veloppemental qui affecte la communication et les interactions sociales. Les personnes autistes peuvent pr\u00e9senter des difficult\u00e9s \u00e0 communiquer oralement et \u00e0 travers d\u2019autres types de expressions, \u00e0 comprendre les r\u00e8gles sociales et \u00e0 d\u00e9velopper des amiti\u00e9s et des relations significatives. Il n&rsquo;existe pas de traitement \u00e0 ce trouble. En C\u00f4te d&rsquo;Ivoire, [&hellip;]<\/p>\n","protected":false},"author":1,"featured_media":524,"comment_status":"open","ping_status":"open","sticky":false,"template":"","format":"standard","meta":{"_monsterinsights_skip_tracking":false,"_monsterinsights_sitenote_active":false,"_monsterinsights_sitenote_note":"","_monsterinsights_sitenote_category":0,"_uf_show_specific_survey":0,"_uf_disable_surveys":false,"footnotes":""},"categories":[4],"tags":[],"class_list":["post-523","post","type-post","status-publish","format-standard","has-post-thumbnail","hentry","category-actualite"],"aioseo_notices":[],"_links":{"self":[{"href":"https:\/\/ivoire-rse.com\/index.php\/wp-json\/wp\/v2\/posts\/523","targetHints":{"allow":["GET"]}}],"collection":[{"href":"https:\/\/ivoire-rse.com\/index.php\/wp-json\/wp\/v2\/posts"}],"about":[{"href":"https:\/\/ivoire-rse.com\/index.php\/wp-json\/wp\/v2\/types\/post"}],"author":[{"embeddable":true,"href":"https:\/\/ivoire-rse.com\/index.php\/wp-json\/wp\/v2\/users\/1"}],"replies":[{"embeddable":true,"href":"https:\/\/ivoire-rse.com\/index.php\/wp-json\/wp\/v2\/comments?post=523"}],"version-history":[{"count":1,"href":"https:\/\/ivoire-rse.com\/index.php\/wp-json\/wp\/v2\/posts\/523\/revisions"}],"predecessor-version":[{"id":525,"href":"https:\/\/ivoire-rse.com\/index.php\/wp-json\/wp\/v2\/posts\/523\/revisions\/525"}],"wp:featuredmedia":[{"embeddable":true,"href":"https:\/\/ivoire-rse.com\/index.php\/wp-json\/wp\/v2\/media\/524"}],"wp:attachment":[{"href":"https:\/\/ivoire-rse.com\/index.php\/wp-json\/wp\/v2\/media?parent=523"}],"wp:term":[{"taxonomy":"category","embeddable":true,"href":"https:\/\/ivoire-rse.com\/index.php\/wp-json\/wp\/v2\/categories?post=523"},{"taxonomy":"post_tag","embeddable":true,"href":"https:\/\/ivoire-rse.com\/index.php\/wp-json\/wp\/v2\/tags?post=523"}],"curies":[{"name":"wp","href":"https:\/\/api.w.org\/{rel}","templated":true}]}}